{"id":1064,"date":"2018-10-29T08:34:03","date_gmt":"2018-10-29T07:34:03","guid":{"rendered":"http:\/\/hermandadelperdonmadrid.es\/?p=1064"},"modified":"2018-10-29T08:34:03","modified_gmt":"2018-10-29T07:34:03","slug":"aniversario-en-ajalvir","status":"publish","type":"post","link":"https:\/\/hermandadelperdonmadrid.es\/index.php\/2018\/10\/29\/aniversario-en-ajalvir\/","title":{"rendered":"Aniversario en Ajalvir"},"content":{"rendered":"<p style=\"text-align: justify;\">El pasado s\u00e1bado 20 de octubre una representaci\u00f3n de la Junta de Gobierno de la Hermandad asisti\u00f3 a los actos conmemorativos del X Aniversario de la Hermandad de Nuestro Maestro Jes\u00fas en su Pasi\u00f3n y Muerte de Ajalvir, cuya Agrupaci\u00f3n Musical acompa\u00f1a cada Viernes de Dolores a nuestros Titulares. A las seis dio comienzo la misa presidida por el Obispo de Alcal\u00e1 de Henares, Mnsr. Juan Antonio Reig Pla, y a continuaci\u00f3n la cofrad\u00eda se puso en la calle acompa\u00f1ada por numerosas representaciones de hermandades de toda la Comunidad de Madrid, especialmente de localidades cercanas. Por primera vez procesionaron ambos Titulares sobre el mismo paso, un paso de misterio sobre el que aparec\u00edan, a parte del Se\u00f1or y la Dolorosa, un romano, el Cirineo y la Ver\u00f3nica. El acompa\u00f1amiento musical corri\u00f3 a cargo de la Agrupaci\u00f3n Musical Virgen de los Reyes de Sevilla. A o largo del recorrido, plagado de calles angostas y llenas de encanto, pudimos deleitarnos con marchas como \u201cSalve a la Macarena\u201d, \u201cReina de Reyes\u201d, \u201cLa Soledad del Cautivo\u201d o \u201cTu Misericordia\u201d. La cofrad\u00eda se recogi\u00f3 pasadas las doce de la noche.<\/p>\n","protected":false},"excerpt":{"rendered":"<p>El pasado s\u00e1bado 20 de octubre una representaci\u00f3n de la Junta de Gobierno de la Hermandad asisti\u00f3 a los actos conmemorativos del X Aniversario de la Hermandad de Nuestro Maestro Jes\u00fas en su Pasi\u00f3n y Muerte de Ajalvir, cuya Agrupaci\u00f3n &hellip; <a href=\"https:\/\/hermandadelperdonmadrid.es\/index.php\/2018\/10\/29\/aniversario-en-ajalvir\/\">Sigue leyendo <span class=\"meta-nav\">&rarr;<\/span><\/a><\/p>\n","protected":false},"author":1,"featured_media":0,"comment_status":"open","ping_status":"open","sticky":false,"template":"","format":"standard","meta":{"_jetpack_newsletter_access":"","_jetpack_dont_email_post_to_subs":false,"_jetpack_newsletter_tier_id":0,"_jetpack_memberships_contains_paywalled_content":false,"_jetpack_memberships_contains_paid_content":false,"footnotes":""},"categories":[1],"tags":[],"class_list":["post-1064","post","type-post","status-publish","format-standard","hentry","category-sin-categoria"],"jetpack_featured_media_url":"","jetpack_sharing_enabled":true,"jetpack_shortlink":"https:\/\/wp.me\/p8GJlT-ha","_links":{"self":[{"href":"https:\/\/hermandadelperdonmadrid.es\/index.php\/wp-json\/wp\/v2\/posts\/1064","targetHints":{"allow":["GET"]}}],"collection":[{"href":"https:\/\/hermandadelperdonmadrid.es\/index.php\/wp-json\/wp\/v2\/posts"}],"about":[{"href":"https:\/\/hermandadelperdonmadrid.es\/index.php\/wp-json\/wp\/v2\/types\/post"}],"author":[{"embeddable":true,"href":"https:\/\/hermandadelperdonmadrid.es\/index.php\/wp-json\/wp\/v2\/users\/1"}],"replies":[{"embeddable":true,"href":"https:\/\/hermandadelperdonmadrid.es\/index.php\/wp-json\/wp\/v2\/comments?post=1064"}],"version-history":[{"count":1,"href":"https:\/\/hermandadelperdonmadrid.es\/index.php\/wp-json\/wp\/v2\/posts\/1064\/revisions"}],"predecessor-version":[{"id":1065,"href":"https:\/\/hermandadelperdonmadrid.es\/index.php\/wp-json\/wp\/v2\/posts\/1064\/revisions\/1065"}],"wp:attachment":[{"href":"https:\/\/hermandadelperdonmadrid.es\/index.php\/wp-json\/wp\/v2\/media?parent=1064"}],"wp:term":[{"taxonomy":"category","embeddable":true,"href":"https:\/\/hermandadelperdonmadrid.es\/index.php\/wp-json\/wp\/v2\/categories?post=1064"},{"taxonomy":"post_tag","embeddable":true,"href":"https:\/\/hermandadelperdonmadrid.es\/index.php\/wp-json\/wp\/v2\/tags?post=1064"}],"curies":[{"name":"wp","href":"https:\/\/api.w.org\/{rel}","templated":true}]}}