{"id":1075,"date":"2018-12-10T09:54:55","date_gmt":"2018-12-10T08:54:55","guid":{"rendered":"http:\/\/hermandadelperdonmadrid.es\/?p=1075"},"modified":"2018-12-10T09:55:03","modified_gmt":"2018-12-10T08:55:03","slug":"inmaculada-concecpcion","status":"publish","type":"post","link":"https:\/\/hermandadelperdonmadrid.es\/index.php\/2018\/12\/10\/inmaculada-concecpcion\/","title":{"rendered":"Inmaculada Concecpci\u00f3n"},"content":{"rendered":"\n<p><strong>MENSAJE DEL HERMANO MAYOR<\/strong><\/p>\n\n\n\n<div class=\"wp-block-image\"><figure class=\"alignright is-resized\"><img data-recalc-dims=\"1\" loading=\"lazy\" decoding=\"async\" src=\"https:\/\/i0.wp.com\/hermandadelperdonmadrid.es\/wp-content\/uploads\/2018\/12\/Inmaculada-1.jpeg?resize=265%2C176&#038;ssl=1\" alt=\"\" class=\"wp-image-1077\" width=\"265\" height=\"176\" srcset=\"https:\/\/i0.wp.com\/hermandadelperdonmadrid.es\/wp-content\/uploads\/2018\/12\/Inmaculada-1.jpeg?resize=1024%2C683&amp;ssl=1 1024w, https:\/\/i0.wp.com\/hermandadelperdonmadrid.es\/wp-content\/uploads\/2018\/12\/Inmaculada-1.jpeg?resize=300%2C200&amp;ssl=1 300w, https:\/\/i0.wp.com\/hermandadelperdonmadrid.es\/wp-content\/uploads\/2018\/12\/Inmaculada-1.jpeg?resize=768%2C512&amp;ssl=1 768w, https:\/\/i0.wp.com\/hermandadelperdonmadrid.es\/wp-content\/uploads\/2018\/12\/Inmaculada-1.jpeg?w=1500&amp;ssl=1 1500w, https:\/\/i0.wp.com\/hermandadelperdonmadrid.es\/wp-content\/uploads\/2018\/12\/Inmaculada-1.jpeg?w=1280&amp;ssl=1 1280w\" sizes=\"auto, (max-width: 265px) 100vw, 265px\" \/><\/figure><\/div>\n\n\n\n<p style=\"text-align:justify\">Una vez concluida la Solemnidad de la Inmaculada Concepci\u00f3n no queda m\u00e1s que, en nombre de la Junta de Gobierno y en el m\u00edo propio, daros las gracias a todos los que hab\u00e9is hecho posibles los cultos extraordinarios a nuestra Titular, Mar\u00eda Sant\u00edsima de la Misericordia. Gracias a los distintos grupos parroquiales que en la \u00faltima semana hab\u00e9is venerado a nuestra Madre, al catecumenado de ni\u00f1os y adultos y a las responsables y madres del Proyecto \u00c1ngel. <br><\/p>\n\n\n\n<figure class=\"wp-block-image\"><img data-recalc-dims=\"1\" loading=\"lazy\" decoding=\"async\" width=\"640\" height=\"427\" src=\"https:\/\/i0.wp.com\/hermandadelperdonmadrid.es\/wp-content\/uploads\/2018\/12\/Inmaculada-2.jpeg?resize=640%2C427&#038;ssl=1\" alt=\"\" class=\"wp-image-1078\" srcset=\"https:\/\/i0.wp.com\/hermandadelperdonmadrid.es\/wp-content\/uploads\/2018\/12\/Inmaculada-2.jpeg?resize=1024%2C683&amp;ssl=1 1024w, https:\/\/i0.wp.com\/hermandadelperdonmadrid.es\/wp-content\/uploads\/2018\/12\/Inmaculada-2.jpeg?resize=300%2C200&amp;ssl=1 300w, https:\/\/i0.wp.com\/hermandadelperdonmadrid.es\/wp-content\/uploads\/2018\/12\/Inmaculada-2.jpeg?resize=768%2C512&amp;ssl=1 768w, https:\/\/i0.wp.com\/hermandadelperdonmadrid.es\/wp-content\/uploads\/2018\/12\/Inmaculada-2.jpeg?w=1500&amp;ssl=1 1500w, https:\/\/i0.wp.com\/hermandadelperdonmadrid.es\/wp-content\/uploads\/2018\/12\/Inmaculada-2.jpeg?w=1280&amp;ssl=1 1280w\" sizes=\"auto, (max-width: 640px) 100vw, 640px\" \/><\/figure>\n\n\n\n<p style=\"text-align:justify\">Igualmente queremos dar las gracias a los sacerdotes de la parroquia, el coro parroquial y las responsables de liturgia. No debemos olvidarnos de mostrar nuestro agradecimiento a las hermandades y congregaciones que nos han acompa\u00f1ado: a la Hermandad del Roc\u00edo de la Estrella y a su coro, desde ayer Hermanos de Honor de nuestra corporaci\u00f3n; a la Real Congregaci\u00f3n de Esclavos de Mar\u00eda Sant\u00edsima de los Siete Dolores y las hermandades de Los Gitanos y La Borriquita de Madrid, madrinas de la Bendici\u00f3n de nuestras Im\u00e1genes y a las que tambi\u00e9n estamos muy unidos; a las hermandades del Silencio, la Virgen de la Asunci\u00f3n de Butarque Coronada, El Roc\u00edo de Madrid, El Roc\u00edo de M\u00f3stoles y la Real Esclavitud de Santa Mar\u00eda la Real de la Almudena. Y, por \u00faltimo, a todos los hermanos y devotos que han querido unirse a nuestros cultos desde el pasado d\u00eda 29, y a todos los que por motivos de salud o trabajo no han podido acompa\u00f1arnos como hubiesen deseado. Que Mar\u00eda Sant\u00edsima de la Misericordia os acompa\u00f1e siempre e interceda por vosotros.<\/p>\n\n\n\n<figure class=\"wp-block-image\"><img data-recalc-dims=\"1\" loading=\"lazy\" decoding=\"async\" width=\"640\" height=\"427\" src=\"https:\/\/i0.wp.com\/hermandadelperdonmadrid.es\/wp-content\/uploads\/2018\/12\/Inmaculada-3.jpeg?resize=640%2C427&#038;ssl=1\" alt=\"\" class=\"wp-image-1079\" srcset=\"https:\/\/i0.wp.com\/hermandadelperdonmadrid.es\/wp-content\/uploads\/2018\/12\/Inmaculada-3.jpeg?resize=1024%2C683&amp;ssl=1 1024w, https:\/\/i0.wp.com\/hermandadelperdonmadrid.es\/wp-content\/uploads\/2018\/12\/Inmaculada-3.jpeg?resize=300%2C200&amp;ssl=1 300w, https:\/\/i0.wp.com\/hermandadelperdonmadrid.es\/wp-content\/uploads\/2018\/12\/Inmaculada-3.jpeg?resize=768%2C512&amp;ssl=1 768w, https:\/\/i0.wp.com\/hermandadelperdonmadrid.es\/wp-content\/uploads\/2018\/12\/Inmaculada-3.jpeg?w=1500&amp;ssl=1 1500w, https:\/\/i0.wp.com\/hermandadelperdonmadrid.es\/wp-content\/uploads\/2018\/12\/Inmaculada-3.jpeg?w=1280&amp;ssl=1 1280w\" sizes=\"auto, (max-width: 640px) 100vw, 640px\" \/><\/figure>\n\n\n\n<p>El Hermano Mayor<\/p>\n\n\n\n<p>Julio Casanova Merinero<\/p>\n\n\n\n<p>En Madrid, a 8 de diciembre de 2018<\/p>\n","protected":false},"excerpt":{"rendered":"<p>MENSAJE DEL HERMANO MAYOR Una vez concluida la Solemnidad de la Inmaculada Concepci\u00f3n no queda m\u00e1s que, en nombre de la Junta de Gobierno y en el m\u00edo propio, daros las gracias a todos los que hab\u00e9is hecho posibles los &hellip; <a href=\"https:\/\/hermandadelperdonmadrid.es\/index.php\/2018\/12\/10\/inmaculada-concecpcion\/\">Sigue leyendo <span class=\"meta-nav\">&rarr;<\/span><\/a><\/p>\n","protected":false},"author":1,"featured_media":0,"comment_status":"open","ping_status":"open","sticky":false,"template":"","format":"standard","meta":{"_jetpack_newsletter_access":"","_jetpack_dont_email_post_to_subs":false,"_jetpack_newsletter_tier_id":0,"_jetpack_memberships_contains_paywalled_content":false,"_jetpack_memberships_contains_paid_content":false,"footnotes":""},"categories":[1],"tags":[],"class_list":["post-1075","post","type-post","status-publish","format-standard","hentry","category-sin-categoria"],"jetpack_featured_media_url":"","jetpack_sharing_enabled":true,"jetpack_shortlink":"https:\/\/wp.me\/p8GJlT-hl","_links":{"self":[{"href":"https:\/\/hermandadelperdonmadrid.es\/index.php\/wp-json\/wp\/v2\/posts\/1075","targetHints":{"allow":["GET"]}}],"collection":[{"href":"https:\/\/hermandadelperdonmadrid.es\/index.php\/wp-json\/wp\/v2\/posts"}],"about":[{"href":"https:\/\/hermandadelperdonmadrid.es\/index.php\/wp-json\/wp\/v2\/types\/post"}],"author":[{"embeddable":true,"href":"https:\/\/hermandadelperdonmadrid.es\/index.php\/wp-json\/wp\/v2\/users\/1"}],"replies":[{"embeddable":true,"href":"https:\/\/hermandadelperdonmadrid.es\/index.php\/wp-json\/wp\/v2\/comments?post=1075"}],"version-history":[{"count":2,"href":"https:\/\/hermandadelperdonmadrid.es\/index.php\/wp-json\/wp\/v2\/posts\/1075\/revisions"}],"predecessor-version":[{"id":1080,"href":"https:\/\/hermandadelperdonmadrid.es\/index.php\/wp-json\/wp\/v2\/posts\/1075\/revisions\/1080"}],"wp:attachment":[{"href":"https:\/\/hermandadelperdonmadrid.es\/index.php\/wp-json\/wp\/v2\/media?parent=1075"}],"wp:term":[{"taxonomy":"category","embeddable":true,"href":"https:\/\/hermandadelperdonmadrid.es\/index.php\/wp-json\/wp\/v2\/categories?post=1075"},{"taxonomy":"post_tag","embeddable":true,"href":"https:\/\/hermandadelperdonmadrid.es\/index.php\/wp-json\/wp\/v2\/tags?post=1075"}],"curies":[{"name":"wp","href":"https:\/\/api.w.org\/{rel}","templated":true}]}}