{"id":1145,"date":"2019-04-10T10:30:15","date_gmt":"2019-04-10T09:30:15","guid":{"rendered":"http:\/\/hermandadelperdonmadrid.es\/?p=1145"},"modified":"2019-04-14T09:27:02","modified_gmt":"2019-04-14T08:27:02","slug":"triduo-y-funcion-principal-2019","status":"publish","type":"post","link":"https:\/\/hermandadelperdonmadrid.es\/index.php\/2019\/04\/10\/triduo-y-funcion-principal-2019\/","title":{"rendered":"Triduo y Funci\u00f3n Principal 2019"},"content":{"rendered":"\n<p style=\"text-align: justify;\"><img data-recalc-dims=\"1\" loading=\"lazy\" decoding=\"async\" class=\" wp-image-1041 alignleft\" src=\"https:\/\/i0.wp.com\/hermandadelperdonmadrid.es\/wp-content\/uploads\/2019\/04\/Triduo-2019.jpg?resize=300%2C270&#038;ssl=1\" alt=\"\" width=\"300\" height=\"270\" \/><p style=\"text-align: justify;\"><span style=\"font-family: 'Times New Roman', Times;\">El pasado mi\u00e9rcoles 3 de abril dio comienzo el Triduo en honor al Sant\u00edsimo Cristo del Perd\u00f3n. Ese d\u00eda la Eucarist\u00eda estuvo presidida por D. Jos\u00e9 Luengo Coloma, p\u00e1rroco de Nuestra Se\u00f1ora de la Misericordia, parroquia con la que la Hermandad tiene una estrecha relaci\u00f3n desde su fundaci\u00f3n, y arcipreste de nuestro arciprestazgo. Ese d\u00eda la homil\u00eda vers\u00f3 sobre \u201cDios Padre en la Pasi\u00f3n\u201d, reflexionando sobre tres de las palabras de Cristo en la cruz.<\/span><\/p>\n<p style=\"text-align: justify;\"><span style=\"font-family: 'Times New Roman', Times;\">El segundo d\u00eda del Triduo, el jueves 4, la Misa estuvo presidida por D. Jes\u00fas Junquera Prats, de\u00e1n de la S. I. Catedral de Madrid. En este caso la homil\u00eda trat\u00f3 sobre la segunda persona de la Sant\u00edsima Trinidad, \u201cDios Hijo en la Pasi\u00f3n\u201d.<\/span><\/p>\n<p style=\"text-align: justify;\"><span style=\"font-family: 'Times New Roman', Times;\">El tercer d\u00eda del Triduo tuvimos el honor de contar con el asistente para hermandades y cofrad\u00edas de la Archidi\u00f3cesis de Madrid, D. \u00c1ngel Luis Miralles Send\u00edn. D. \u00c1ngel abord\u00f3 en su homil\u00eda el tema \u201cEl Esp\u00edritu Santo en la Pasi\u00f3n\u201d.<\/span><\/p>\n<p style=\"text-align: justify;\"><span style=\"font-family: 'Times New Roman', Times;\">Los tres sacerdotes recibieron, al t\u00e9rmino de cada celebraci\u00f3n, la medalla de honor de nuestra corporaci\u00f3n.<\/span><\/p>\n<p style=\"text-align: justify;\"><span style=\"font-family: 'Times New Roman', Times;\">El s\u00e1bado 6 tuvo lugar la Funci\u00f3n Principal de Instituto presidida por Mnsr. Jes\u00fas Vidal Chamorro, Obispo Auxiliar de Madrid. En esta celebraci\u00f3n, la m\u00e1s importante de cuantas tienen lugar en la Hermandad a lo largo del a\u00f1o, contamos con la presencia de numerosas hermandades y congregaciones de Madrid. Al final de la Misa el Obispo recibi\u00f3 tambi\u00e9n nuestra medalla de honor.<\/span><\/p>\n<p><img data-recalc-dims=\"1\" loading=\"lazy\" decoding=\"async\" class=\"wp-image-1060 aligncenter\" style=\"font-size: 16px;\" src=\"https:\/\/i0.wp.com\/hermandadelperdonmadrid.es\/wp-content\/uploads\/2019\/04\/Funci%C3%B3n-Principal-2019.jpg?resize=350%2C250&#038;ssl=1\" alt=\"\" width=\"350\" height=\"250\"><\/p>\n","protected":false},"excerpt":{"rendered":"<p>El pasado mi\u00e9rcoles 3 de abril dio comienzo el Triduo en honor al Sant\u00edsimo Cristo del Perd\u00f3n. Ese d\u00eda la Eucarist\u00eda estuvo presidida por D. Jos\u00e9 Luengo Coloma, p\u00e1rroco de Nuestra Se\u00f1ora de la Misericordia, parroquia con la que la &hellip; <a href=\"https:\/\/hermandadelperdonmadrid.es\/index.php\/2019\/04\/10\/triduo-y-funcion-principal-2019\/\">Sigue leyendo <span class=\"meta-nav\">&rarr;<\/span><\/a><\/p>\n","protected":false},"author":1,"featured_media":0,"comment_status":"open","ping_status":"open","sticky":false,"template":"","format":"standard","meta":{"_jetpack_newsletter_access":"","_jetpack_dont_email_post_to_subs":false,"_jetpack_newsletter_tier_id":0,"_jetpack_memberships_contains_paywalled_content":false,"_jetpack_memberships_contains_paid_content":false,"footnotes":""},"categories":[1],"tags":[],"class_list":["post-1145","post","type-post","status-publish","format-standard","hentry","category-sin-categoria"],"jetpack_featured_media_url":"","jetpack_sharing_enabled":true,"jetpack_shortlink":"https:\/\/wp.me\/p8GJlT-it","_links":{"self":[{"href":"https:\/\/hermandadelperdonmadrid.es\/index.php\/wp-json\/wp\/v2\/posts\/1145","targetHints":{"allow":["GET"]}}],"collection":[{"href":"https:\/\/hermandadelperdonmadrid.es\/index.php\/wp-json\/wp\/v2\/posts"}],"about":[{"href":"https:\/\/hermandadelperdonmadrid.es\/index.php\/wp-json\/wp\/v2\/types\/post"}],"author":[{"embeddable":true,"href":"https:\/\/hermandadelperdonmadrid.es\/index.php\/wp-json\/wp\/v2\/users\/1"}],"replies":[{"embeddable":true,"href":"https:\/\/hermandadelperdonmadrid.es\/index.php\/wp-json\/wp\/v2\/comments?post=1145"}],"version-history":[{"count":10,"href":"https:\/\/hermandadelperdonmadrid.es\/index.php\/wp-json\/wp\/v2\/posts\/1145\/revisions"}],"predecessor-version":[{"id":1160,"href":"https:\/\/hermandadelperdonmadrid.es\/index.php\/wp-json\/wp\/v2\/posts\/1145\/revisions\/1160"}],"wp:attachment":[{"href":"https:\/\/hermandadelperdonmadrid.es\/index.php\/wp-json\/wp\/v2\/media?parent=1145"}],"wp:term":[{"taxonomy":"category","embeddable":true,"href":"https:\/\/hermandadelperdonmadrid.es\/index.php\/wp-json\/wp\/v2\/categories?post=1145"},{"taxonomy":"post_tag","embeddable":true,"href":"https:\/\/hermandadelperdonmadrid.es\/index.php\/wp-json\/wp\/v2\/tags?post=1145"}],"curies":[{"name":"wp","href":"https:\/\/api.w.org\/{rel}","templated":true}]}}