{"id":1315,"date":"2019-10-09T08:16:32","date_gmt":"2019-10-09T07:16:32","guid":{"rendered":"http:\/\/hermandadelperdonmadrid.es\/?p=1315"},"modified":"2021-12-09T17:00:28","modified_gmt":"2021-12-09T16:00:28","slug":"ochenta-anos-despues","status":"publish","type":"post","link":"https:\/\/hermandadelperdonmadrid.es\/index.php\/2019\/10\/09\/ochenta-anos-despues\/","title":{"rendered":"Ochenta a\u00f1os despu\u00e9s"},"content":{"rendered":"<p style=\"text-align: justify;\">El pasado s\u00e1bado d\u00eda 5 de octubre Nuestro Padre Jes\u00fas de Medinaceli, sin duda una de las im\u00e1genes m\u00e1s queridas y populares de nuestro pa\u00eds (y podr\u00edamos decir que de todo el mundo) presidi\u00f3 una misa en la Catedral de la Almudena con motivo del LXXX aniversario de su regreso a Espa\u00f1a al t\u00e9rmino de la Guerra Civil. La imagen, tras pasar por Valencia y Barcelona, fue llevada a Ginebra (Suiza) durante la contienda para evitar que fuera destruida como ocurri\u00f3 con otras muchas que desaparecieron pasto de las llamas en aquellos fat\u00eddicos a\u00f1os.<\/p>\n<p style=\"text-align: justify;\"><img data-recalc-dims=\"1\" loading=\"lazy\" decoding=\"async\" class=\"wp-image-1316 alignleft\" src=\"https:\/\/i0.wp.com\/hermandadelperdonmadrid.es\/wp-content\/uploads\/2019\/10\/Medinacelli-1.jpg?resize=360%2C480&#038;ssl=1\" alt=\"\" width=\"360\" height=\"480\" srcset=\"https:\/\/i0.wp.com\/hermandadelperdonmadrid.es\/wp-content\/uploads\/2019\/10\/Medinacelli-1.jpg?w=720&amp;ssl=1 720w, https:\/\/i0.wp.com\/hermandadelperdonmadrid.es\/wp-content\/uploads\/2019\/10\/Medinacelli-1.jpg?resize=225%2C300&amp;ssl=1 225w\" sizes=\"auto, (max-width: 360px) 100vw, 360px\" \/>A las doce de la ma\u00f1ana tuvo lugar la misa solemne, presidida por el obispo auxiliar de Madrid D. Jos\u00e9 Cobo, con el Se\u00f1or ya en su paso, imponente a los pies de la Virgen de la Almudena, vistiendo la t\u00fanica, recientemente restaurada por Silvia Montero Redondo, que regalara S.A.R. D. Francisco de As\u00eds de Borb\u00f3n, marido de la Reina Isabel II. Cabe resaltar tambi\u00e9n que el Cristo estren\u00f3 un nuevo escapulario bordado en oro sobre tis\u00fa de plata por Pedro Palenciano Olivares en la localidad jienense de And\u00fajar. El cuidado exorno floral, que corri\u00f3 a cargo de los floristas andaluces Jes\u00fas Pinto y Andr\u00e9s Ayll\u00f3n, lo formaron, seg\u00fan la propia hermandad, quinientos cincuenta nardos, cuatrocientas cincuenta rosas, quinientas cincuenta astromelias, cuatrocientos cuarenta lilium, seiscientos tallos de flor de cera, cuatrocientos de statice, novecientos de helecho y setecientos de limonium, todo en tonos blancos.<\/p>\n<p><img data-recalc-dims=\"1\" loading=\"lazy\" decoding=\"async\" class=\"size-full wp-image-1326 aligncenter\" src=\"https:\/\/i0.wp.com\/hermandadelperdonmadrid.es\/wp-content\/uploads\/2019\/10\/Medinacelli-5.jpg?resize=640%2C361&#038;ssl=1\" alt=\"\" width=\"640\" height=\"361\" srcset=\"https:\/\/i0.wp.com\/hermandadelperdonmadrid.es\/wp-content\/uploads\/2019\/10\/Medinacelli-5.jpg?w=960&amp;ssl=1 960w, https:\/\/i0.wp.com\/hermandadelperdonmadrid.es\/wp-content\/uploads\/2019\/10\/Medinacelli-5.jpg?resize=300%2C169&amp;ssl=1 300w, https:\/\/i0.wp.com\/hermandadelperdonmadrid.es\/wp-content\/uploads\/2019\/10\/Medinacelli-5.jpg?resize=768%2C434&amp;ssl=1 768w\" sizes=\"auto, (max-width: 640px) 100vw, 640px\" \/><\/p>\n<p><img data-recalc-dims=\"1\" loading=\"lazy\" decoding=\"async\" class=\"wp-image-1318 alignright\" src=\"https:\/\/i0.wp.com\/hermandadelperdonmadrid.es\/wp-content\/uploads\/2019\/10\/Medinacelli-3.jpg?resize=350%2C620&#038;ssl=1\" alt=\"\" width=\"350\" height=\"620\" srcset=\"https:\/\/i0.wp.com\/hermandadelperdonmadrid.es\/wp-content\/uploads\/2019\/10\/Medinacelli-3.jpg?w=542&amp;ssl=1 542w, https:\/\/i0.wp.com\/hermandadelperdonmadrid.es\/wp-content\/uploads\/2019\/10\/Medinacelli-3.jpg?resize=169%2C300&amp;ssl=1 169w\" sizes=\"auto, (max-width: 350px) 100vw, 350px\" \/><\/p>\n<p style=\"text-align: justify;\">Pasadas las seis de la tarde el Cristo de Medinaceli abandon\u00f3 la Catedral para discurrir, en una multitudinaria procesi\u00f3n (como si de un d\u00eda de Semana Santa se tratase) hasta su templo. Tras \u00c9l, la banda de m\u00fasica La Lira de Pozuelo de Alarc\u00f3n, que tambi\u00e9n le acompa\u00f1a cada Viernes Santo. Momentos destacables de la procesi\u00f3n fueron la saeta de Juan Pe\u00f1a en la esquina de la calle Mayor con Se\u00f1ores de Luz\u00f3n, su llegada a la Casa de Correos, en la Puerta del Sol, a los sones de \u201cMi Amargura\u201d y la saeta de Diana Navarro y el encuentro con la Virgen de la Soledad del convento de las Calatravas. El cortejo, formado en gran parte por hermanos de la hermandad con traje oscuro y cirios blancos, cont\u00f3 con la presencia de numerosas autoridades civiles, hermanos mayores y presidentes de otras hermandades y miembros de las Fuerzas y Cuerpos de Seguridad del Estado.<\/p>\n<p style=\"text-align: right;\"><em>Julio Casanova Merinero<\/em><\/p>\n<p><img data-recalc-dims=\"1\" loading=\"lazy\" decoding=\"async\" class=\"size-full wp-image-1327 aligncenter\" src=\"https:\/\/i0.wp.com\/hermandadelperdonmadrid.es\/wp-content\/uploads\/2019\/10\/Medinacelli-6.jpg?resize=640%2C361&#038;ssl=1\" alt=\"\" width=\"640\" height=\"361\" srcset=\"https:\/\/i0.wp.com\/hermandadelperdonmadrid.es\/wp-content\/uploads\/2019\/10\/Medinacelli-6.jpg?w=960&amp;ssl=1 960w, https:\/\/i0.wp.com\/hermandadelperdonmadrid.es\/wp-content\/uploads\/2019\/10\/Medinacelli-6.jpg?resize=300%2C169&amp;ssl=1 300w, https:\/\/i0.wp.com\/hermandadelperdonmadrid.es\/wp-content\/uploads\/2019\/10\/Medinacelli-6.jpg?resize=768%2C434&amp;ssl=1 768w\" sizes=\"auto, (max-width: 640px) 100vw, 640px\" \/><\/p>\n","protected":false},"excerpt":{"rendered":"<p>El pasado s\u00e1bado d\u00eda 5 de octubre Nuestro Padre Jes\u00fas de Medinaceli, sin duda una de las im\u00e1genes m\u00e1s queridas y populares de nuestro pa\u00eds (y podr\u00edamos decir que de todo el mundo) presidi\u00f3 una misa en la Catedral de &hellip; <a href=\"https:\/\/hermandadelperdonmadrid.es\/index.php\/2019\/10\/09\/ochenta-anos-despues\/\">Sigue leyendo <span class=\"meta-nav\">&rarr;<\/span><\/a><\/p>\n","protected":false},"author":1,"featured_media":0,"comment_status":"open","ping_status":"open","sticky":false,"template":"","format":"standard","meta":{"_jetpack_newsletter_access":"","_jetpack_dont_email_post_to_subs":false,"_jetpack_newsletter_tier_id":0,"_jetpack_memberships_contains_paywalled_content":false,"_jetpack_memberships_contains_paid_content":false,"footnotes":""},"categories":[1],"tags":[],"class_list":["post-1315","post","type-post","status-publish","format-standard","hentry","category-sin-categoria"],"jetpack_featured_media_url":"","jetpack_sharing_enabled":true,"jetpack_shortlink":"https:\/\/wp.me\/p8GJlT-ld","_links":{"self":[{"href":"https:\/\/hermandadelperdonmadrid.es\/index.php\/wp-json\/wp\/v2\/posts\/1315","targetHints":{"allow":["GET"]}}],"collection":[{"href":"https:\/\/hermandadelperdonmadrid.es\/index.php\/wp-json\/wp\/v2\/posts"}],"about":[{"href":"https:\/\/hermandadelperdonmadrid.es\/index.php\/wp-json\/wp\/v2\/types\/post"}],"author":[{"embeddable":true,"href":"https:\/\/hermandadelperdonmadrid.es\/index.php\/wp-json\/wp\/v2\/users\/1"}],"replies":[{"embeddable":true,"href":"https:\/\/hermandadelperdonmadrid.es\/index.php\/wp-json\/wp\/v2\/comments?post=1315"}],"version-history":[{"count":3,"href":"https:\/\/hermandadelperdonmadrid.es\/index.php\/wp-json\/wp\/v2\/posts\/1315\/revisions"}],"predecessor-version":[{"id":2415,"href":"https:\/\/hermandadelperdonmadrid.es\/index.php\/wp-json\/wp\/v2\/posts\/1315\/revisions\/2415"}],"wp:attachment":[{"href":"https:\/\/hermandadelperdonmadrid.es\/index.php\/wp-json\/wp\/v2\/media?parent=1315"}],"wp:term":[{"taxonomy":"category","embeddable":true,"href":"https:\/\/hermandadelperdonmadrid.es\/index.php\/wp-json\/wp\/v2\/categories?post=1315"},{"taxonomy":"post_tag","embeddable":true,"href":"https:\/\/hermandadelperdonmadrid.es\/index.php\/wp-json\/wp\/v2\/tags?post=1315"}],"curies":[{"name":"wp","href":"https:\/\/api.w.org\/{rel}","templated":true}]}}