{"id":153,"date":"2017-04-22T20:00:18","date_gmt":"2017-04-22T20:00:18","guid":{"rendered":"http:\/\/hermandadelperdonmadrid.es\/?p=153"},"modified":"2023-11-19T18:04:53","modified_gmt":"2023-11-19T17:04:53","slug":"solemne-funcion-principal-y-besamanos-en-honor-de-maria-santisima-de-la-misericordia","status":"publish","type":"post","link":"https:\/\/hermandadelperdonmadrid.es\/index.php\/2017\/04\/22\/solemne-funcion-principal-y-besamanos-en-honor-de-maria-santisima-de-la-misericordia\/","title":{"rendered":"Solemne Funci\u00f3n Principal y Besamanos en honor de Mar\u00eda Sant\u00edsima de la Misericordia"},"content":{"rendered":"<p style=\"text-align: justify;\">Ma\u00f1ana <span style=\"font-family: 'Times New Roman', Times;\">se celebrar\u00e1 en nuestra sede can\u00f3nica la primera fiesta en honor de nuestra Sagrada Titular con motivo del Domingo de la Divina Misericordia.<\/span><\/p>\n<p><span style=\"font-family: 'Times New Roman', Times;\"><img data-recalc-dims=\"1\" loading=\"lazy\" decoding=\"async\" class=\" wp-image-370 aligncenter\" src=\"https:\/\/i0.wp.com\/hermandadelperdonmadrid.es\/wp-content\/uploads\/2017\/05\/Divina-Misericordia-2017.jpg?resize=340%2C352&#038;ssl=1\" alt=\"\" width=\"340\" height=\"352\" srcset=\"https:\/\/i0.wp.com\/hermandadelperdonmadrid.es\/wp-content\/uploads\/2017\/05\/Divina-Misericordia-2017.jpg?resize=290%2C300&amp;ssl=1 290w, https:\/\/i0.wp.com\/hermandadelperdonmadrid.es\/wp-content\/uploads\/2017\/05\/Divina-Misericordia-2017.jpg?w=365&amp;ssl=1 365w\" sizes=\"auto, (max-width: 340px) 100vw, 340px\" \/><\/span><\/p>\n<p style=\"text-align: justify;\"><span style=\"font-family: 'Times New Roman', Times;\">La imagen de Mar\u00eda Sant\u00edsima de la Misericordia recibir\u00e1 a la feligres\u00eda del barrio en Solemne Besamanos durante todo el d\u00eda, de 9:00h a 21:00h.<\/span><\/p>\n<p style=\"text-align: justify;\"><span style=\"font-family: 'Times New Roman', Times;\">La Hermandad celebrar\u00e1 Solemne Funci\u00f3n Principal en su honor a las 18:30h. La celebraci\u00f3n ser\u00e1 presidida por el Director Espiritual y p\u00e1rroco de la sede can\u00f3nica Don Jos\u00e9 Manuel Horcajo Lucas.<\/span><\/p>\n<p><span style=\"font-family: 'Times New Roman', Times;\"><img data-recalc-dims=\"1\" loading=\"lazy\" decoding=\"async\" class=\" wp-image-548 aligncenter\" src=\"https:\/\/i0.wp.com\/hermandadelperdonmadrid.es\/wp-content\/uploads\/2017\/04\/Invitaci%C3%B3n-Besamanos.jpg?resize=350%2C483&#038;ssl=1\" alt=\"\" width=\"350\" height=\"483\" srcset=\"https:\/\/i0.wp.com\/hermandadelperdonmadrid.es\/wp-content\/uploads\/2017\/04\/Invitaci%C3%B3n-Besamanos.jpg?resize=217%2C300&amp;ssl=1 217w, https:\/\/i0.wp.com\/hermandadelperdonmadrid.es\/wp-content\/uploads\/2017\/04\/Invitaci%C3%B3n-Besamanos.jpg?w=450&amp;ssl=1 450w\" sizes=\"auto, (max-width: 350px) 100vw, 350px\" \/><\/span><\/p>\n","protected":false},"excerpt":{"rendered":"<p>Ma\u00f1ana se celebrar\u00e1 en nuestra sede can\u00f3nica la primera fiesta en honor de nuestra Sagrada Titular con motivo del Domingo de la Divina Misericordia. La imagen de Mar\u00eda Sant\u00edsima de la Misericordia recibir\u00e1 a la feligres\u00eda del barrio en Solemne &hellip; <a href=\"https:\/\/hermandadelperdonmadrid.es\/index.php\/2017\/04\/22\/solemne-funcion-principal-y-besamanos-en-honor-de-maria-santisima-de-la-misericordia\/\">Sigue leyendo <span class=\"meta-nav\">&rarr;<\/span><\/a><\/p>\n","protected":false},"author":1,"featured_media":0,"comment_status":"open","ping_status":"open","sticky":false,"template":"","format":"standard","meta":{"_jetpack_newsletter_access":"","_jetpack_dont_email_post_to_subs":false,"_jetpack_newsletter_tier_id":0,"_jetpack_memberships_contains_paywalled_content":false,"_jetpack_memberships_contains_paid_content":false,"footnotes":""},"categories":[1],"tags":[],"class_list":["post-153","post","type-post","status-publish","format-standard","hentry","category-sin-categoria"],"jetpack_featured_media_url":"","jetpack_sharing_enabled":true,"jetpack_shortlink":"https:\/\/wp.me\/p8GJlT-2t","_links":{"self":[{"href":"https:\/\/hermandadelperdonmadrid.es\/index.php\/wp-json\/wp\/v2\/posts\/153","targetHints":{"allow":["GET"]}}],"collection":[{"href":"https:\/\/hermandadelperdonmadrid.es\/index.php\/wp-json\/wp\/v2\/posts"}],"about":[{"href":"https:\/\/hermandadelperdonmadrid.es\/index.php\/wp-json\/wp\/v2\/types\/post"}],"author":[{"embeddable":true,"href":"https:\/\/hermandadelperdonmadrid.es\/index.php\/wp-json\/wp\/v2\/users\/1"}],"replies":[{"embeddable":true,"href":"https:\/\/hermandadelperdonmadrid.es\/index.php\/wp-json\/wp\/v2\/comments?post=153"}],"version-history":[{"count":6,"href":"https:\/\/hermandadelperdonmadrid.es\/index.php\/wp-json\/wp\/v2\/posts\/153\/revisions"}],"predecessor-version":[{"id":3021,"href":"https:\/\/hermandadelperdonmadrid.es\/index.php\/wp-json\/wp\/v2\/posts\/153\/revisions\/3021"}],"wp:attachment":[{"href":"https:\/\/hermandadelperdonmadrid.es\/index.php\/wp-json\/wp\/v2\/media?parent=153"}],"wp:term":[{"taxonomy":"category","embeddable":true,"href":"https:\/\/hermandadelperdonmadrid.es\/index.php\/wp-json\/wp\/v2\/categories?post=153"},{"taxonomy":"post_tag","embeddable":true,"href":"https:\/\/hermandadelperdonmadrid.es\/index.php\/wp-json\/wp\/v2\/tags?post=153"}],"curies":[{"name":"wp","href":"https:\/\/api.w.org\/{rel}","templated":true}]}}