{"id":155,"date":"2017-04-06T20:00:50","date_gmt":"2017-04-06T20:00:50","guid":{"rendered":"http:\/\/hermandadelperdonmadrid.es\/?p=155"},"modified":"2017-07-10T20:48:12","modified_gmt":"2017-07-10T20:48:12","slug":"semana-santa-en-madrid-2017","status":"publish","type":"post","link":"https:\/\/hermandadelperdonmadrid.es\/index.php\/2017\/04\/06\/semana-santa-en-madrid-2017\/","title":{"rendered":"Semana Santa 2017 en Madrid"},"content":{"rendered":"<blockquote><p><span style=\"font-family: 'Times New Roman', Times;\"><u><i><b>VIERNES DE DOLORES<\/b><\/i><\/u><\/span><br \/>\n<span style=\"font-family: 'Times New Roman', Times;\"> <b><br \/>\n<\/b><b>Hermandad del Perd\u00f3n del Puente de Vallecas. <\/b>Colabora D. Hugo Enr\u00edquez B\u00e1\u00f1ez, Consiliaro.<\/span><\/p>\n<p><span style=\"font-family: 'Times New Roman', Times;\">\u00abEste a\u00f1o, Dios mediante, ser\u00e1 la primera vez que nuestros Sagrados Titulares, tras su bendici\u00f3n, procesionen por las calles de Vallecas. Adem\u00e1s la Hermandad estrena paso a costal, as\u00ed como nuevo recorrido. Hay tres lugares ciertamente recomendables: Como no la complicada salida de la parroquia de San Ram\u00f3n Nonato, los costaleros har\u00e1n un gran esfuerzo saliendo de rodillas.\u00a0<\/span><br \/>\n<span style=\"font-family: 'Times New Roman', Times;\"><br \/>\nLa Estaci\u00f3n de Penitencia que realizamos en la parroquia de la Aurora y el Santo \u00c1ngel. La calle Puerto San Glorio, una calle estrecha y poco iluminada donde se ver\u00e1 seguro una estampa preciosa de la Cofrad\u00eda.\u00bb<\/span><\/p><\/blockquote>\n<p><span style=\"font-family: 'trebuchet ms' , sans-serif;\"><span style=\"font-family: Thread-00002bcc-Id-0000001a;\"><br \/>\n<img data-recalc-dims=\"1\" loading=\"lazy\" decoding=\"async\" class=\" wp-image-524 aligncenter\" src=\"https:\/\/i0.wp.com\/hermandadelperdonmadrid.es\/wp-content\/uploads\/2017\/05\/Cartel-2017.jpg?resize=300%2C451&#038;ssl=1\" alt=\"\" width=\"300\" height=\"451\" \/><br \/>\n<\/span><\/span><\/p>\n<p><span style=\"font-family: 'Times New Roman', Times;\">Continuaci\u00f3n del art\u00edculo en el blog <em>\u00abUna vida cofrade\u00bb, <\/em>haciendo click aqu\u00ed: <a href=\"https:\/\/unavidacofrade.blogspot.com.es\/2017\/04\/semana-santa-en-madrid.html\" target=\"_blank\" rel=\"noopener noreferrer\"><span style=\"color: #0066cc;\">Semana Santa 2017 en Madrid<\/span><\/a><\/span><\/p>\n","protected":false},"excerpt":{"rendered":"<p>VIERNES DE DOLORES Hermandad del Perd\u00f3n del Puente de Vallecas. Colabora D. Hugo Enr\u00edquez B\u00e1\u00f1ez, Consiliaro. \u00abEste a\u00f1o, Dios mediante, ser\u00e1 la primera vez que nuestros Sagrados Titulares, tras su bendici\u00f3n, procesionen por las calles de Vallecas. Adem\u00e1s la Hermandad &hellip; <a href=\"https:\/\/hermandadelperdonmadrid.es\/index.php\/2017\/04\/06\/semana-santa-en-madrid-2017\/\">Sigue leyendo <span class=\"meta-nav\">&rarr;<\/span><\/a><\/p>\n","protected":false},"author":1,"featured_media":0,"comment_status":"open","ping_status":"open","sticky":false,"template":"","format":"standard","meta":{"_jetpack_newsletter_access":"","_jetpack_dont_email_post_to_subs":false,"_jetpack_newsletter_tier_id":0,"_jetpack_memberships_contains_paywalled_content":false,"_jetpack_memberships_contains_paid_content":false,"footnotes":""},"categories":[1],"tags":[],"class_list":["post-155","post","type-post","status-publish","format-standard","hentry","category-sin-categoria"],"jetpack_featured_media_url":"","jetpack_sharing_enabled":true,"jetpack_shortlink":"https:\/\/wp.me\/p8GJlT-2v","_links":{"self":[{"href":"https:\/\/hermandadelperdonmadrid.es\/index.php\/wp-json\/wp\/v2\/posts\/155","targetHints":{"allow":["GET"]}}],"collection":[{"href":"https:\/\/hermandadelperdonmadrid.es\/index.php\/wp-json\/wp\/v2\/posts"}],"about":[{"href":"https:\/\/hermandadelperdonmadrid.es\/index.php\/wp-json\/wp\/v2\/types\/post"}],"author":[{"embeddable":true,"href":"https:\/\/hermandadelperdonmadrid.es\/index.php\/wp-json\/wp\/v2\/users\/1"}],"replies":[{"embeddable":true,"href":"https:\/\/hermandadelperdonmadrid.es\/index.php\/wp-json\/wp\/v2\/comments?post=155"}],"version-history":[{"count":6,"href":"https:\/\/hermandadelperdonmadrid.es\/index.php\/wp-json\/wp\/v2\/posts\/155\/revisions"}],"predecessor-version":[{"id":818,"href":"https:\/\/hermandadelperdonmadrid.es\/index.php\/wp-json\/wp\/v2\/posts\/155\/revisions\/818"}],"wp:attachment":[{"href":"https:\/\/hermandadelperdonmadrid.es\/index.php\/wp-json\/wp\/v2\/media?parent=155"}],"wp:term":[{"taxonomy":"category","embeddable":true,"href":"https:\/\/hermandadelperdonmadrid.es\/index.php\/wp-json\/wp\/v2\/categories?post=155"},{"taxonomy":"post_tag","embeddable":true,"href":"https:\/\/hermandadelperdonmadrid.es\/index.php\/wp-json\/wp\/v2\/tags?post=155"}],"curies":[{"name":"wp","href":"https:\/\/api.w.org\/{rel}","templated":true}]}}