{"id":1641,"date":"2020-05-03T12:20:00","date_gmt":"2020-05-03T11:20:00","guid":{"rendered":"http:\/\/hermandadelperdonmadrid.es\/?p=1641"},"modified":"2021-12-09T16:54:55","modified_gmt":"2021-12-09T15:54:55","slug":"una-sevillana-devota-de-la-virgen-de-la-misericordia","status":"publish","type":"post","link":"https:\/\/hermandadelperdonmadrid.es\/index.php\/2020\/05\/03\/una-sevillana-devota-de-la-virgen-de-la-misericordia\/","title":{"rendered":"Una sevillana devota de la Virgen de la Misericordia"},"content":{"rendered":"<p style=\"text-align: justify;\">La primera vez que, en uno de mis viajes a Madrid, me llevaron a conocer la Hermandad del Perd\u00f3n sent\u00ed en flechazo nada m\u00e1s ver a la Virgen. Desde ese momento supe que acabar\u00eda perteneciendo a esa hermandad, a mi hermandad madrile\u00f1a.<\/p>\n<p style=\"text-align: justify;\"><img data-recalc-dims=\"1\" loading=\"lazy\" decoding=\"async\" class=\"wp-image-1642 alignleft\" src=\"https:\/\/i0.wp.com\/hermandadelperdonmadrid.es\/wp-content\/uploads\/2020\/05\/Articulo-Rosa-2-e1588677122186.png?resize=274%2C462&#038;ssl=1\" alt=\"\" width=\"274\" height=\"462\" srcset=\"https:\/\/i0.wp.com\/hermandadelperdonmadrid.es\/wp-content\/uploads\/2020\/05\/Articulo-Rosa-2-e1588677122186.png?w=1080&amp;ssl=1 1080w, https:\/\/i0.wp.com\/hermandadelperdonmadrid.es\/wp-content\/uploads\/2020\/05\/Articulo-Rosa-2-e1588677122186.png?resize=178%2C300&amp;ssl=1 178w, https:\/\/i0.wp.com\/hermandadelperdonmadrid.es\/wp-content\/uploads\/2020\/05\/Articulo-Rosa-2-e1588677122186.png?resize=606%2C1024&amp;ssl=1 606w, https:\/\/i0.wp.com\/hermandadelperdonmadrid.es\/wp-content\/uploads\/2020\/05\/Articulo-Rosa-2-e1588677122186.png?resize=768%2C1297&amp;ssl=1 768w, https:\/\/i0.wp.com\/hermandadelperdonmadrid.es\/wp-content\/uploads\/2020\/05\/Articulo-Rosa-2-e1588677122186.png?resize=909%2C1536&amp;ssl=1 909w\" sizes=\"auto, (max-width: 274px) 100vw, 274px\" \/>Yo sab\u00eda que mi amigo Jorge vest\u00eda algunas im\u00e1genes en Madrid, y siempre me hablaba de la Hermandad del Perd\u00f3n. Un tiempo despu\u00e9s conoc\u00ed a Julio, por entonces hermano mayor. Jorge siempre me dec\u00eda que cuando viajara a Madrid (sol\u00eda hacerlo en verano) ten\u00eda que ir a conocer a su Virgen de la Misericordia y a su hermandad. Hace dos a\u00f1os visit\u00e9 por primera vez la parroquia de San Ram\u00f3n y pude rezar ante los Titulares. Yo ya hab\u00eda visto a la Virgen en fotos, siempre guap\u00edsima, pero nada que ver con verla en persona. Cuando la tuve delante de m\u00ed me enamor\u00e9 de Ella. Es inexplicable lo que sent\u00ed.<\/p>\n<p style=\"text-align: justify;\">El Se\u00f1or me gusta mucho. Me pongo delante del Cristo del Perd\u00f3n y rezo con mucha devoci\u00f3n. Pero con la Virgen de la Misericordia me pas\u00f3 lo mismo que con las im\u00e1genes de la Hermandad de San Bernardo de Sevilla (con la que salgo cada Mi\u00e9rcoles Santo). Yo vi a la Se\u00f1ora y fue un flechazo en el coraz\u00f3n, como cuando te enamoras de una persona.<\/p>\n<p style=\"text-align: justify;\">Y si verla en su altar me lleg\u00f3 al alma, m\u00e1s a\u00fan me impresion\u00f3 cuando la vi abajo, antes de un cambio, a mi altura. Ese d\u00eda supe que yo ten\u00eda que hacerme hermana de la Hermandad.<\/p>\n<p><img data-recalc-dims=\"1\" loading=\"lazy\" decoding=\"async\" class=\"wp-image-1666 aligncenter\" src=\"https:\/\/i0.wp.com\/hermandadelperdonmadrid.es\/wp-content\/uploads\/2020\/05\/Articulo-Rosa-1-e1588677494365.jpg?resize=306%2C236&#038;ssl=1\" alt=\"\" width=\"306\" height=\"236\" srcset=\"https:\/\/i0.wp.com\/hermandadelperdonmadrid.es\/wp-content\/uploads\/2020\/05\/Articulo-Rosa-1-e1588677494365.jpg?w=944&amp;ssl=1 944w, https:\/\/i0.wp.com\/hermandadelperdonmadrid.es\/wp-content\/uploads\/2020\/05\/Articulo-Rosa-1-e1588677494365.jpg?resize=300%2C231&amp;ssl=1 300w, https:\/\/i0.wp.com\/hermandadelperdonmadrid.es\/wp-content\/uploads\/2020\/05\/Articulo-Rosa-1-e1588677494365.jpg?resize=768%2C592&amp;ssl=1 768w\" sizes=\"auto, (max-width: 306px) 100vw, 306px\" \/><\/p>\n<p style=\"text-align: justify;\">En estos d\u00edas de confinamiento, verla en una estampa, rezarla\u2026 son de las cosas que m\u00e1s me confortan.<\/p>\n<p style=\"text-align: right;\"><em>Rosa Cort\u00e9s Morales<\/em><\/p>\n","protected":false},"excerpt":{"rendered":"<p>La primera vez que, en uno de mis viajes a Madrid, me llevaron a conocer la Hermandad del Perd\u00f3n sent\u00ed en flechazo nada m\u00e1s ver a la Virgen. Desde ese momento supe que acabar\u00eda perteneciendo a esa hermandad, a mi &hellip; <a href=\"https:\/\/hermandadelperdonmadrid.es\/index.php\/2020\/05\/03\/una-sevillana-devota-de-la-virgen-de-la-misericordia\/\">Sigue leyendo <span class=\"meta-nav\">&rarr;<\/span><\/a><\/p>\n","protected":false},"author":1,"featured_media":0,"comment_status":"open","ping_status":"open","sticky":false,"template":"","format":"standard","meta":{"_jetpack_newsletter_access":"","_jetpack_dont_email_post_to_subs":false,"_jetpack_newsletter_tier_id":0,"_jetpack_memberships_contains_paywalled_content":false,"_jetpack_memberships_contains_paid_content":false,"footnotes":""},"categories":[1],"tags":[],"class_list":["post-1641","post","type-post","status-publish","format-standard","hentry","category-sin-categoria"],"jetpack_featured_media_url":"","jetpack_sharing_enabled":true,"jetpack_shortlink":"https:\/\/wp.me\/p8GJlT-qt","_links":{"self":[{"href":"https:\/\/hermandadelperdonmadrid.es\/index.php\/wp-json\/wp\/v2\/posts\/1641","targetHints":{"allow":["GET"]}}],"collection":[{"href":"https:\/\/hermandadelperdonmadrid.es\/index.php\/wp-json\/wp\/v2\/posts"}],"about":[{"href":"https:\/\/hermandadelperdonmadrid.es\/index.php\/wp-json\/wp\/v2\/types\/post"}],"author":[{"embeddable":true,"href":"https:\/\/hermandadelperdonmadrid.es\/index.php\/wp-json\/wp\/v2\/users\/1"}],"replies":[{"embeddable":true,"href":"https:\/\/hermandadelperdonmadrid.es\/index.php\/wp-json\/wp\/v2\/comments?post=1641"}],"version-history":[{"count":25,"href":"https:\/\/hermandadelperdonmadrid.es\/index.php\/wp-json\/wp\/v2\/posts\/1641\/revisions"}],"predecessor-version":[{"id":2410,"href":"https:\/\/hermandadelperdonmadrid.es\/index.php\/wp-json\/wp\/v2\/posts\/1641\/revisions\/2410"}],"wp:attachment":[{"href":"https:\/\/hermandadelperdonmadrid.es\/index.php\/wp-json\/wp\/v2\/media?parent=1641"}],"wp:term":[{"taxonomy":"category","embeddable":true,"href":"https:\/\/hermandadelperdonmadrid.es\/index.php\/wp-json\/wp\/v2\/categories?post=1641"},{"taxonomy":"post_tag","embeddable":true,"href":"https:\/\/hermandadelperdonmadrid.es\/index.php\/wp-json\/wp\/v2\/tags?post=1641"}],"curies":[{"name":"wp","href":"https:\/\/api.w.org\/{rel}","templated":true}]}}