{"id":1701,"date":"2020-05-24T20:00:34","date_gmt":"2020-05-24T19:00:34","guid":{"rendered":"http:\/\/hermandadelperdonmadrid.es\/?p=1701"},"modified":"2020-05-25T07:51:04","modified_gmt":"2020-05-25T06:51:04","slug":"triduo-a-maria-santisima-de-la-misericordia","status":"publish","type":"post","link":"https:\/\/hermandadelperdonmadrid.es\/index.php\/2020\/05\/24\/triduo-a-maria-santisima-de-la-misericordia\/","title":{"rendered":"Triduo a Mar\u00eda Sant\u00edsima de la Misericordia"},"content":{"rendered":"<p style=\"text-align: justify;\">Este fin de semana la Hermandad hubiese celebrado el Triduo a Mar\u00eda Sant\u00edsima de la Misericordia y el Solemne Besamanos a la misma, que este a\u00f1o desde la Junta de Gobierno se decidi\u00f3 celebrar en el mes de Mayo, mes dedicado a la Virgen Mar\u00eda, en lugar de el domingo de la Divina Misericordia como se ven\u00eda haciendo desde que la imagen de la Sagrada Titular lleg\u00f3 a la sede can\u00f3nica.<\/p>\n<p style=\"text-align: justify;\">Sin embargo, nuevamente debido a las circunstancias derivadas de la emergencia sanitaria en la que a\u00fan nos encontramos no nos ha sido posible celebrar estos actos de culto tan especiales para nuestra Hermandad. Nuevamente, la Junta de Gobierno, a pesar de no poder manifestar presencialmente la devoci\u00f3n que todos los hermanos tenemos a nuestra Sagrada Titular, no ha querido dejar de hacer llegar la Palabra de Dios a las casa de todos estos hermanos con una imagen de la Virgen de la Misericordia, que ahora recogemos nuevamente en esta noticia con los mensajes de los sacerdotes celebrantes del Triduo a Mar\u00eda Sant\u00edsima de la Misericordia.<\/p>\n<p><!--more--><\/p>\n<p><img data-recalc-dims=\"1\" loading=\"lazy\" decoding=\"async\" class=\"wp-image-1710 aligncenter\" src=\"https:\/\/i0.wp.com\/hermandadelperdonmadrid.es\/wp-content\/uploads\/2020\/05\/Primer-d%C3%ADa.jpg?resize=570%2C427&#038;ssl=1\" alt=\"\" width=\"570\" height=\"427\" srcset=\"https:\/\/i0.wp.com\/hermandadelperdonmadrid.es\/wp-content\/uploads\/2020\/05\/Primer-d%C3%ADa.jpg?w=960&amp;ssl=1 960w, https:\/\/i0.wp.com\/hermandadelperdonmadrid.es\/wp-content\/uploads\/2020\/05\/Primer-d%C3%ADa.jpg?resize=300%2C225&amp;ssl=1 300w, https:\/\/i0.wp.com\/hermandadelperdonmadrid.es\/wp-content\/uploads\/2020\/05\/Primer-d%C3%ADa.jpg?resize=768%2C576&amp;ssl=1 768w\" sizes=\"auto, (max-width: 570px) 100vw, 570px\" \/><\/p>\n<div style=\"width: 640px;\" class=\"wp-video\"><video class=\"wp-video-shortcode\" id=\"video-1701-1\" width=\"640\" height=\"362\" preload=\"metadata\" controls=\"controls\"><source type=\"video\/mp4\" src=\"https:\/\/hermandadelperdonmadrid.es\/wp-content\/uploads\/2020\/05\/Mensaje-Don-Manuel-Garc\u00eda.mp4?_=1\" \/><a href=\"https:\/\/hermandadelperdonmadrid.es\/wp-content\/uploads\/2020\/05\/Mensaje-Don-Manuel-Garc\u00eda.mp4\">https:\/\/hermandadelperdonmadrid.es\/wp-content\/uploads\/2020\/05\/Mensaje-Don-Manuel-Garc\u00eda.mp4<\/a><\/video><\/div>\n<p style=\"text-align: center;\">Mensaje de don Manuel Mar\u00eda Sanchez Garc\u00eda-Loygorri (vicario parroquial de Ntra. Sra. de la Misericordia y Ntra. Sra. de la Piedad) para el primer d\u00eda del Triduo.<\/p>\n<p><img data-recalc-dims=\"1\" loading=\"lazy\" decoding=\"async\" class=\"wp-image-1711 aligncenter\" src=\"https:\/\/i0.wp.com\/hermandadelperdonmadrid.es\/wp-content\/uploads\/2020\/05\/Segundo-d%C3%ADa.jpg?resize=570%2C428&#038;ssl=1\" alt=\"\" width=\"570\" height=\"428\" srcset=\"https:\/\/i0.wp.com\/hermandadelperdonmadrid.es\/wp-content\/uploads\/2020\/05\/Segundo-d%C3%ADa.jpg?w=960&amp;ssl=1 960w, https:\/\/i0.wp.com\/hermandadelperdonmadrid.es\/wp-content\/uploads\/2020\/05\/Segundo-d%C3%ADa.jpg?resize=300%2C225&amp;ssl=1 300w, https:\/\/i0.wp.com\/hermandadelperdonmadrid.es\/wp-content\/uploads\/2020\/05\/Segundo-d%C3%ADa.jpg?resize=768%2C576&amp;ssl=1 768w\" sizes=\"auto, (max-width: 570px) 100vw, 570px\" \/><\/p>\n<div style=\"width: 640px;\" class=\"wp-video\"><video class=\"wp-video-shortcode\" id=\"video-1701-2\" width=\"640\" height=\"352\" preload=\"metadata\" controls=\"controls\"><source type=\"video\/mp4\" src=\"https:\/\/hermandadelperdonmadrid.es\/wp-content\/uploads\/2020\/05\/Mensaje-Don-Antonio-Garc\u00eda.mp4?_=2\" \/><a href=\"https:\/\/hermandadelperdonmadrid.es\/wp-content\/uploads\/2020\/05\/Mensaje-Don-Antonio-Garc\u00eda.mp4\">https:\/\/hermandadelperdonmadrid.es\/wp-content\/uploads\/2020\/05\/Mensaje-Don-Antonio-Garc\u00eda.mp4<\/a><\/video><\/div>\n<p style=\"text-align: center;\">Mensaje de don Antonio Mar\u00eda Garc\u00eda Hernanz (vicario parroquial de Ntra. Sra. de la Pe\u00f1a y San Felipe Neri) para el segundo d\u00eda del Triduo.<\/p>\n<p><img data-recalc-dims=\"1\" loading=\"lazy\" decoding=\"async\" class=\"wp-image-1712 aligncenter\" src=\"https:\/\/i0.wp.com\/hermandadelperdonmadrid.es\/wp-content\/uploads\/2020\/05\/Tercer-d%C3%ADa.jpg?resize=570%2C428&#038;ssl=1\" alt=\"\" width=\"570\" height=\"428\" srcset=\"https:\/\/i0.wp.com\/hermandadelperdonmadrid.es\/wp-content\/uploads\/2020\/05\/Tercer-d%C3%ADa.jpg?w=960&amp;ssl=1 960w, https:\/\/i0.wp.com\/hermandadelperdonmadrid.es\/wp-content\/uploads\/2020\/05\/Tercer-d%C3%ADa.jpg?resize=300%2C225&amp;ssl=1 300w, https:\/\/i0.wp.com\/hermandadelperdonmadrid.es\/wp-content\/uploads\/2020\/05\/Tercer-d%C3%ADa.jpg?resize=768%2C576&amp;ssl=1 768w\" sizes=\"auto, (max-width: 570px) 100vw, 570px\" \/><\/p>\n<div style=\"width: 640px;\" class=\"wp-video\"><video class=\"wp-video-shortcode\" id=\"video-1701-3\" width=\"640\" height=\"360\" preload=\"metadata\" controls=\"controls\"><source type=\"video\/mp4\" src=\"https:\/\/hermandadelperdonmadrid.es\/wp-content\/uploads\/2020\/05\/Mensaje-Jose-Manuel-Horcajo.mp4?_=3\" \/><a href=\"https:\/\/hermandadelperdonmadrid.es\/wp-content\/uploads\/2020\/05\/Mensaje-Jose-Manuel-Horcajo.mp4\">https:\/\/hermandadelperdonmadrid.es\/wp-content\/uploads\/2020\/05\/Mensaje-Jose-Manuel-Horcajo.mp4<\/a><\/video><\/div>\n<p style=\"text-align: center;\">Mensaje de don Jos\u00e9 Manuel Horcajo Lucas (p\u00e1rroco de San Ram\u00f3n Nonato y Director Espiritual de la Hermandad) para el tercer d\u00eda del Triduo.<\/p>\n","protected":false},"excerpt":{"rendered":"<p>Este fin de semana la Hermandad hubiese celebrado el Triduo a Mar\u00eda Sant\u00edsima de la Misericordia y el Solemne Besamanos a la misma, que este a\u00f1o desde la Junta de Gobierno se decidi\u00f3 celebrar en el mes de Mayo, mes &hellip; <a href=\"https:\/\/hermandadelperdonmadrid.es\/index.php\/2020\/05\/24\/triduo-a-maria-santisima-de-la-misericordia\/\">Sigue leyendo <span class=\"meta-nav\">&rarr;<\/span><\/a><\/p>\n","protected":false},"author":1,"featured_media":0,"comment_status":"open","ping_status":"open","sticky":false,"template":"","format":"standard","meta":{"_jetpack_newsletter_access":"","_jetpack_dont_email_post_to_subs":false,"_jetpack_newsletter_tier_id":0,"_jetpack_memberships_contains_paywalled_content":false,"_jetpack_memberships_contains_paid_content":false,"footnotes":""},"categories":[1],"tags":[],"class_list":["post-1701","post","type-post","status-publish","format-standard","hentry","category-sin-categoria"],"jetpack_featured_media_url":"","jetpack_sharing_enabled":true,"jetpack_shortlink":"https:\/\/wp.me\/p8GJlT-rr","_links":{"self":[{"href":"https:\/\/hermandadelperdonmadrid.es\/index.php\/wp-json\/wp\/v2\/posts\/1701","targetHints":{"allow":["GET"]}}],"collection":[{"href":"https:\/\/hermandadelperdonmadrid.es\/index.php\/wp-json\/wp\/v2\/posts"}],"about":[{"href":"https:\/\/hermandadelperdonmadrid.es\/index.php\/wp-json\/wp\/v2\/types\/post"}],"author":[{"embeddable":true,"href":"https:\/\/hermandadelperdonmadrid.es\/index.php\/wp-json\/wp\/v2\/users\/1"}],"replies":[{"embeddable":true,"href":"https:\/\/hermandadelperdonmadrid.es\/index.php\/wp-json\/wp\/v2\/comments?post=1701"}],"version-history":[{"count":5,"href":"https:\/\/hermandadelperdonmadrid.es\/index.php\/wp-json\/wp\/v2\/posts\/1701\/revisions"}],"predecessor-version":[{"id":1714,"href":"https:\/\/hermandadelperdonmadrid.es\/index.php\/wp-json\/wp\/v2\/posts\/1701\/revisions\/1714"}],"wp:attachment":[{"href":"https:\/\/hermandadelperdonmadrid.es\/index.php\/wp-json\/wp\/v2\/media?parent=1701"}],"wp:term":[{"taxonomy":"category","embeddable":true,"href":"https:\/\/hermandadelperdonmadrid.es\/index.php\/wp-json\/wp\/v2\/categories?post=1701"},{"taxonomy":"post_tag","embeddable":true,"href":"https:\/\/hermandadelperdonmadrid.es\/index.php\/wp-json\/wp\/v2\/tags?post=1701"}],"curies":[{"name":"wp","href":"https:\/\/api.w.org\/{rel}","templated":true}]}}