{"id":1735,"date":"2020-06-14T22:00:00","date_gmt":"2020-06-14T21:00:00","guid":{"rendered":"http:\/\/hermandadelperdonmadrid.es\/?p=1735"},"modified":"2021-12-09T16:53:20","modified_gmt":"2021-12-09T15:53:20","slug":"una-fiesta-con-muchos-siglos-de-historia","status":"publish","type":"post","link":"https:\/\/hermandadelperdonmadrid.es\/index.php\/2020\/06\/14\/una-fiesta-con-muchos-siglos-de-historia\/","title":{"rendered":"Una fiesta con muchos siglos de historia"},"content":{"rendered":"<p style=\"text-align: justify;\"><img data-recalc-dims=\"1\" loading=\"lazy\" decoding=\"async\" class=\"alignright wp-image-1737\" src=\"https:\/\/i0.wp.com\/hermandadelperdonmadrid.es\/wp-content\/uploads\/2020\/06\/Corpus-San-Ram%C3%B3n-scaled-e1592406120881.jpg?resize=250%2C262&#038;ssl=1\" alt=\"\" width=\"250\" height=\"262\" srcset=\"https:\/\/i0.wp.com\/hermandadelperdonmadrid.es\/wp-content\/uploads\/2020\/06\/Corpus-San-Ram%C3%B3n-scaled-e1592406120881.jpg?w=1253&amp;ssl=1 1253w, https:\/\/i0.wp.com\/hermandadelperdonmadrid.es\/wp-content\/uploads\/2020\/06\/Corpus-San-Ram%C3%B3n-scaled-e1592406120881.jpg?resize=287%2C300&amp;ssl=1 287w, https:\/\/i0.wp.com\/hermandadelperdonmadrid.es\/wp-content\/uploads\/2020\/06\/Corpus-San-Ram%C3%B3n-scaled-e1592406120881.jpg?resize=978%2C1024&amp;ssl=1 978w, https:\/\/i0.wp.com\/hermandadelperdonmadrid.es\/wp-content\/uploads\/2020\/06\/Corpus-San-Ram%C3%B3n-scaled-e1592406120881.jpg?resize=768%2C804&amp;ssl=1 768w\" sizes=\"auto, (max-width: 250px) 100vw, 250px\" \/>Este a\u00f1o hemos vivido un Corpus Christi diferente al que hab\u00edamos conocido hasta ahora. Hace unas pocas semanas pudimos volver a escuchar la misa en los templos y visitarlos con la asiduidad con la que lo hac\u00edamos hasta el mes de marzo. En medio de esta \u201cvuelta a la normalidad\u201d llegamos a la fiesta del Cuerpo y la Sangre de Cristo, una fiesta sin procesiones en la calle pero s\u00ed con numerosas celebraciones lit\u00fargicas dentro de los templos. Pero, \u00bfdesde cu\u00e1ndo se celebra esta fiesta? Para responder a esta pregunta debemos viajar hasta la Edad Media<\/p>\n<p style=\"text-align: justify;\">La fiesta del Cuerpo y la Sangre de Cristo comenz\u00f3 a celebrarse en el siglo XIII, m\u00e1s concretamente en 1246 en Lieja (B\u00e9lgica). El milagro acontecido en Bolsetta (Italia) por el que la Sagrada Forma comenz\u00f3 a sangrar durante la consagraci\u00f3n (ante las dudas de fe del sacerdote) condujo al papa Urbano IV a instituir la festividad del Corpus Christi en 1264. Un contempor\u00e1neo del pont\u00edfice, Santo Tom\u00e1s de Aquino, fue el encargado de elaborar los textos lit\u00fargicos de dicha fiesta. Precisamente a \u00e9l debemos el <em>Pange lingua<\/em>, el <em>Lauda Sion<\/em> o el <em>Panis angelicus<\/em>, tres himnos de gran calidad que siguen escuch\u00e1ndose en cada celebraci\u00f3n eucar\u00edstica.<\/p>\n<p><img data-recalc-dims=\"1\" loading=\"lazy\" decoding=\"async\" class=\"wp-image-1743 aligncenter\" src=\"https:\/\/i0.wp.com\/hermandadelperdonmadrid.es\/wp-content\/uploads\/2020\/06\/Corpus-Sevilla.png?resize=570%2C370&#038;ssl=1\" alt=\"\" width=\"570\" height=\"370\" srcset=\"https:\/\/i0.wp.com\/hermandadelperdonmadrid.es\/wp-content\/uploads\/2020\/06\/Corpus-Sevilla.png?w=945&amp;ssl=1 945w, https:\/\/i0.wp.com\/hermandadelperdonmadrid.es\/wp-content\/uploads\/2020\/06\/Corpus-Sevilla.png?resize=300%2C195&amp;ssl=1 300w, https:\/\/i0.wp.com\/hermandadelperdonmadrid.es\/wp-content\/uploads\/2020\/06\/Corpus-Sevilla.png?resize=768%2C498&amp;ssl=1 768w\" sizes=\"auto, (max-width: 570px) 100vw, 570px\" \/><\/p>\n<p style=\"text-align: justify;\">En el siglo XIV cobrar\u00e1 fuerza la procesi\u00f3n como parte de la celebraci\u00f3n de la fiesta del Corpus Christi. Fue en el Concilio de Viena (1311) donde se dictaron una serie de normas para el cortejo que acompa\u00f1ase al Sant\u00edsimo en su procesi\u00f3n, una procesi\u00f3n que hasta entonces se hac\u00eda por dentro de las iglesias. Ser\u00e1 el papa Nicol\u00e1s V el que, en 1447, establecer\u00e1 la procesi\u00f3n eucar\u00edstica por las calles de Roma.<\/p>\n<p style=\"text-align: justify;\"><img data-recalc-dims=\"1\" loading=\"lazy\" decoding=\"async\" class=\"wp-image-1740 alignleft\" src=\"https:\/\/i0.wp.com\/hermandadelperdonmadrid.es\/wp-content\/uploads\/2020\/06\/Corpus-Toledo.jpg?resize=200%2C291&#038;ssl=1\" alt=\"\" width=\"200\" height=\"291\" srcset=\"https:\/\/i0.wp.com\/hermandadelperdonmadrid.es\/wp-content\/uploads\/2020\/06\/Corpus-Toledo.jpg?w=492&amp;ssl=1 492w, https:\/\/i0.wp.com\/hermandadelperdonmadrid.es\/wp-content\/uploads\/2020\/06\/Corpus-Toledo.jpg?resize=206%2C300&amp;ssl=1 206w\" sizes=\"auto, (max-width: 200px) 100vw, 200px\" \/>La proliferaci\u00f3n de las procesiones eucar\u00edsticas por la calle fue un factor determinante para la aparici\u00f3n de grandes obras de arte donde exponer al Sant\u00edsimo Sacramento, las llamadas Custodias o carros triunfantes, labrados en oro, plata y piedras preciosas procedentes de Ultramar. Sin duda, la m\u00e1s famosa es la de Toledo, encargada por el Cardenal Cisneros al orfebre Enrique de Arfe en 1517 y que ha procesionado por las calles de la capital castellano-manchega desde 1595. Tambi\u00e9n importantes son las de C\u00f3rdoba (del mismo autor que la de Toledo), Santiago de Compostela y Medina de Rioseco (labrada por su hijo Antonio) y \u00c1vila, Sevilla y Valladolid (realizadas por su nieto Juan).<\/p>\n<p style=\"text-align: justify;\">En nuestra ciudad la procesi\u00f3n del Corpus Christi gano importancia gracias a la presencia en ella de los reyes de la Casa de Austria, quienes participaban activamente ya fuera portando el palio o acompa\u00f1ando con un cirio. Lo m\u00e1s caracter\u00edstico del desfile, que por entonces se celebraba a mediod\u00eda, era la tarasca, una criatura mitol\u00f3gica representativa del mal (prohibida por el rey Carlos III en 1780), y la Custodia labrada en 1573 por Francisco \u00c1lvarez, en tiempos del rey Felipe II. Esta Custodia es la que sigue procesionando en nuestros d\u00edas. Puesto que la Custodia fue elaborada por suscripci\u00f3n popular es propiedad de todos los madrile\u00f1os y se conserva en el Sal\u00f3n de Goya de la Casa de la Villa.\u00a0 \u00a0 \u00a0 \u00a0 \u00a0 \u00a0 \u00a0 \u00a0 \u00a0 \u00a0 \u00a0 \u00a0 \u00a0 \u00a0 \u00a0 \u00a0 <em>\u00a0<\/em><\/p>\n<p><img data-recalc-dims=\"1\" loading=\"lazy\" decoding=\"async\" class=\"wp-image-1736 alignright\" src=\"https:\/\/i0.wp.com\/hermandadelperdonmadrid.es\/wp-content\/uploads\/2020\/06\/Corpus-Madrid-2.jpg?resize=320%2C213&#038;ssl=1\" alt=\"\" width=\"320\" height=\"213\" srcset=\"https:\/\/i0.wp.com\/hermandadelperdonmadrid.es\/wp-content\/uploads\/2020\/06\/Corpus-Madrid-2.jpg?w=1600&amp;ssl=1 1600w, https:\/\/i0.wp.com\/hermandadelperdonmadrid.es\/wp-content\/uploads\/2020\/06\/Corpus-Madrid-2.jpg?resize=300%2C200&amp;ssl=1 300w, https:\/\/i0.wp.com\/hermandadelperdonmadrid.es\/wp-content\/uploads\/2020\/06\/Corpus-Madrid-2.jpg?resize=1024%2C682&amp;ssl=1 1024w, https:\/\/i0.wp.com\/hermandadelperdonmadrid.es\/wp-content\/uploads\/2020\/06\/Corpus-Madrid-2.jpg?resize=768%2C512&amp;ssl=1 768w, https:\/\/i0.wp.com\/hermandadelperdonmadrid.es\/wp-content\/uploads\/2020\/06\/Corpus-Madrid-2.jpg?resize=1536%2C1023&amp;ssl=1 1536w, https:\/\/i0.wp.com\/hermandadelperdonmadrid.es\/wp-content\/uploads\/2020\/06\/Corpus-Madrid-2.jpg?w=1280&amp;ssl=1 1280w\" sizes=\"auto, (max-width: 320px) 100vw, 320px\" \/><img data-recalc-dims=\"1\" loading=\"lazy\" decoding=\"async\" class=\"wp-image-1744 alignleft\" src=\"https:\/\/i0.wp.com\/hermandadelperdonmadrid.es\/wp-content\/uploads\/2020\/06\/Custodia-Madrid-Antiguo.jpg?resize=269%2C213&#038;ssl=1\" alt=\"\" width=\"269\" height=\"213\" \/><\/p>\n\n\n<p><\/p>\n","protected":false},"excerpt":{"rendered":"<p>Este a\u00f1o hemos vivido un Corpus Christi diferente al que hab\u00edamos conocido hasta ahora. Hace unas pocas semanas pudimos volver a escuchar la misa en los templos y visitarlos con la asiduidad con la que lo hac\u00edamos hasta el mes &hellip; <a href=\"https:\/\/hermandadelperdonmadrid.es\/index.php\/2020\/06\/14\/una-fiesta-con-muchos-siglos-de-historia\/\">Sigue leyendo <span class=\"meta-nav\">&rarr;<\/span><\/a><\/p>\n","protected":false},"author":1,"featured_media":0,"comment_status":"open","ping_status":"open","sticky":false,"template":"","format":"standard","meta":{"_jetpack_newsletter_access":"","_jetpack_dont_email_post_to_subs":false,"_jetpack_newsletter_tier_id":0,"_jetpack_memberships_contains_paywalled_content":false,"_jetpack_memberships_contains_paid_content":false,"footnotes":""},"categories":[1],"tags":[],"class_list":["post-1735","post","type-post","status-publish","format-standard","hentry","category-sin-categoria"],"jetpack_featured_media_url":"","jetpack_sharing_enabled":true,"jetpack_shortlink":"https:\/\/wp.me\/p8GJlT-rZ","_links":{"self":[{"href":"https:\/\/hermandadelperdonmadrid.es\/index.php\/wp-json\/wp\/v2\/posts\/1735","targetHints":{"allow":["GET"]}}],"collection":[{"href":"https:\/\/hermandadelperdonmadrid.es\/index.php\/wp-json\/wp\/v2\/posts"}],"about":[{"href":"https:\/\/hermandadelperdonmadrid.es\/index.php\/wp-json\/wp\/v2\/types\/post"}],"author":[{"embeddable":true,"href":"https:\/\/hermandadelperdonmadrid.es\/index.php\/wp-json\/wp\/v2\/users\/1"}],"replies":[{"embeddable":true,"href":"https:\/\/hermandadelperdonmadrid.es\/index.php\/wp-json\/wp\/v2\/comments?post=1735"}],"version-history":[{"count":11,"href":"https:\/\/hermandadelperdonmadrid.es\/index.php\/wp-json\/wp\/v2\/posts\/1735\/revisions"}],"predecessor-version":[{"id":2408,"href":"https:\/\/hermandadelperdonmadrid.es\/index.php\/wp-json\/wp\/v2\/posts\/1735\/revisions\/2408"}],"wp:attachment":[{"href":"https:\/\/hermandadelperdonmadrid.es\/index.php\/wp-json\/wp\/v2\/media?parent=1735"}],"wp:term":[{"taxonomy":"category","embeddable":true,"href":"https:\/\/hermandadelperdonmadrid.es\/index.php\/wp-json\/wp\/v2\/categories?post=1735"},{"taxonomy":"post_tag","embeddable":true,"href":"https:\/\/hermandadelperdonmadrid.es\/index.php\/wp-json\/wp\/v2\/tags?post=1735"}],"curies":[{"name":"wp","href":"https:\/\/api.w.org\/{rel}","templated":true}]}}