{"id":2128,"date":"2021-03-22T12:00:00","date_gmt":"2021-03-22T11:00:00","guid":{"rendered":"http:\/\/hermandadelperdonmadrid.es\/?p=2128"},"modified":"2021-03-27T15:39:29","modified_gmt":"2021-03-27T14:39:29","slug":"seis-siglos-rezando-el-via-crucis","status":"publish","type":"post","link":"https:\/\/hermandadelperdonmadrid.es\/index.php\/2021\/03\/22\/seis-siglos-rezando-el-via-crucis\/","title":{"rendered":"Seis siglos rezando el V\u00eda Crucis"},"content":{"rendered":"<p style=\"text-align: justify;\"><img data-recalc-dims=\"1\" loading=\"lazy\" decoding=\"async\" class=\"wp-image-2129 alignleft\" src=\"https:\/\/i0.wp.com\/hermandadelperdonmadrid.es\/wp-content\/uploads\/2021\/03\/Alvaro-de-Cordoba.jpg?resize=180%2C220&#038;ssl=1\" alt=\"\" width=\"180\" height=\"220\" srcset=\"https:\/\/i0.wp.com\/hermandadelperdonmadrid.es\/wp-content\/uploads\/2021\/03\/Alvaro-de-Cordoba.jpg?w=296&amp;ssl=1 296w, https:\/\/i0.wp.com\/hermandadelperdonmadrid.es\/wp-content\/uploads\/2021\/03\/Alvaro-de-Cordoba.jpg?resize=245%2C300&amp;ssl=1 245w\" sizes=\"auto, (max-width: 180px) 100vw, 180px\" \/>El primer V\u00eda Crucis de Europa se construy\u00f3 hace algo m\u00e1s de seis siglos en la serran\u00eda de C\u00f3rdoba, concretamente en la conocida como Torre Berlanga, adquirida por el beato dominico \u00c1lvaro de C\u00f3rdoba (1360-1430) para fundar el convento de Santo Domingo de Scalaceli. El cl\u00e9rigo zamorano sinti\u00f3 la necesidad de revivir lo que hab\u00eda sentido en Tierra Santa en la peregrinaci\u00f3n que realiz\u00f3, junto a Rodrigo de Valencia, en 1419. El fraile eligi\u00f3 esa zona para instalar su congregaci\u00f3n al recordarle el terreno a la topograf\u00eda de Jerusal\u00e9n.<\/p>\n<p style=\"text-align: justify;\">El recorrido del V\u00eda Crucis de la serran\u00eda cordobesa iba desde el convento de Scala Coeli hasta un monte situado al sur. A lo largo de ese recorrido el dominico emplaz\u00f3 unas representaciones pintadas con algunas de las escenas de la Pasi\u00f3n, y denomin\u00f3 a ciertos parajes del recinto con nombres que evocaban su estancia en Palestina. Mientras hac\u00edan el recorrido, fray \u00c1lvaro y sus compa\u00f1eros meditaban los padecimientos de Cristo camino del G\u00f3lgota. El tener que recorrer las escenas una a una hac\u00eda que hubiera que desplazarse de un lugar a otro, introduci\u00e9ndose el sentido procesional e intercal\u00e1ndose tramos en movimiento con contemplaciones, comentarios, oraciones y cantos.<\/p>\n<p><img data-recalc-dims=\"1\" loading=\"lazy\" decoding=\"async\" class=\"wp-image-2138 aligncenter\" src=\"https:\/\/i0.wp.com\/hermandadelperdonmadrid.es\/wp-content\/uploads\/2021\/03\/Primer-Via-Crucis.jpg?resize=510%2C383&#038;ssl=1\" alt=\"\" width=\"510\" height=\"383\" srcset=\"https:\/\/i0.wp.com\/hermandadelperdonmadrid.es\/wp-content\/uploads\/2021\/03\/Primer-Via-Crucis.jpg?w=1600&amp;ssl=1 1600w, https:\/\/i0.wp.com\/hermandadelperdonmadrid.es\/wp-content\/uploads\/2021\/03\/Primer-Via-Crucis.jpg?resize=300%2C225&amp;ssl=1 300w, https:\/\/i0.wp.com\/hermandadelperdonmadrid.es\/wp-content\/uploads\/2021\/03\/Primer-Via-Crucis.jpg?resize=1024%2C768&amp;ssl=1 1024w, https:\/\/i0.wp.com\/hermandadelperdonmadrid.es\/wp-content\/uploads\/2021\/03\/Primer-Via-Crucis.jpg?resize=768%2C576&amp;ssl=1 768w, https:\/\/i0.wp.com\/hermandadelperdonmadrid.es\/wp-content\/uploads\/2021\/03\/Primer-Via-Crucis.jpg?resize=1536%2C1152&amp;ssl=1 1536w, https:\/\/i0.wp.com\/hermandadelperdonmadrid.es\/wp-content\/uploads\/2021\/03\/Primer-Via-Crucis.jpg?w=1280&amp;ssl=1 1280w\" sizes=\"auto, (max-width: 510px) 100vw, 510px\" \/><\/p>\n<p style=\"text-align: justify;\">Esta pr\u00e1ctica fue todo un \u00e9xito, extendi\u00e9ndose r\u00e1pidamente por otros conventos de Espa\u00f1a y dando origen a una devoci\u00f3n al V\u00eda Crucis que no tardar\u00eda en ser imitada por toda la cristiandad. Ejemplos de ello son los V\u00eda Crucis del Monte Varallo, Romans-sur Isere, Fribourg, Lovaina o Adam Krafft en Nuremberg, todos posteriores al de C\u00f3rdoba.<\/p>\n<p style=\"text-align: justify;\">Aquel primer V\u00eda Crucis no era como el actual. Hasta finales del siglo XVI no hab\u00eda una forma com\u00fan de celebrarlo, aunque cada vez era mayor el deseo de unificar criterios en toda la cristiandad. La estructura que sigue en nuestros d\u00edas la debemos a los escritos del holand\u00e9s Christian van Andrichem (autor de la obra <em>Jerusalem sicut Christi tempore floruit<\/em> de 1584) y el jesuita Antonio Daza (con sus <em>Exercicios Espirituales<\/em> de 1625), quien lo dividi\u00f3 en catorce estaciones. Ambos pusieron por escrito lo que desde siglos se ven\u00eda haciendo y transmitiendo de forma oral.<\/p>\n<p style=\"text-align: justify;\"><img data-recalc-dims=\"1\" loading=\"lazy\" decoding=\"async\" class=\"alignright wp-image-2139\" src=\"https:\/\/i0.wp.com\/hermandadelperdonmadrid.es\/wp-content\/uploads\/2021\/03\/Origen-scaled.jpg?resize=258%2C344&#038;ssl=1\" alt=\"\" width=\"258\" height=\"344\" srcset=\"https:\/\/i0.wp.com\/hermandadelperdonmadrid.es\/wp-content\/uploads\/2021\/03\/Origen-scaled.jpg?w=1920&amp;ssl=1 1920w, https:\/\/i0.wp.com\/hermandadelperdonmadrid.es\/wp-content\/uploads\/2021\/03\/Origen-scaled.jpg?resize=225%2C300&amp;ssl=1 225w, https:\/\/i0.wp.com\/hermandadelperdonmadrid.es\/wp-content\/uploads\/2021\/03\/Origen-scaled.jpg?resize=768%2C1024&amp;ssl=1 768w, https:\/\/i0.wp.com\/hermandadelperdonmadrid.es\/wp-content\/uploads\/2021\/03\/Origen-scaled.jpg?resize=1152%2C1536&amp;ssl=1 1152w, https:\/\/i0.wp.com\/hermandadelperdonmadrid.es\/wp-content\/uploads\/2021\/03\/Origen-scaled.jpg?resize=1536%2C2048&amp;ssl=1 1536w, https:\/\/i0.wp.com\/hermandadelperdonmadrid.es\/wp-content\/uploads\/2021\/03\/Origen-scaled.jpg?w=1280&amp;ssl=1 1280w\" sizes=\"auto, (max-width: 258px) 100vw, 258px\" \/>Pero no ser\u00eda hasta San Leonardo de Porto Maurizio (1676-1751), franciscano que construy\u00f3 quinientos setenta y dos V\u00eda Crucis; Alfonso Mar\u00eda de Ligorio (1696-1787), ambos italianos, y, en Espa\u00f1a, Diego de C\u00e1diz (1743-1801), cuando adoptar\u00eda la forma actual.<\/p>\n<p style=\"text-align: justify;\">Por entonces comenzaron a publicarse numerosos V\u00eda Crucis impresos en peque\u00f1os ejemplares de pocas p\u00e1ginas con oraciones, jaculatorias y algunos versos. En Espa\u00f1a estos libros inclu\u00edan la jaculatoria <em>\u201cAdor\u00e1moste, Cristo y bendec\u00edmoste, que por tu santa cruz redimiste al mundo\u201d<\/em>, que a\u00fan hoy seguimos rezando al inicio de cada estaci\u00f3n. Esta oraci\u00f3n era una de las que habitualmente era rezada por los fieles cuando asist\u00edan a la misa en lat\u00edn, recit\u00e1ndola en el momento de entrar en la iglesia o al pasar ante una cruz.<\/p>\n<p style=\"text-align: justify;\">Una vez fijado en catorce el n\u00famero de estaciones del V\u00eda Crucis, surgi\u00f3 gran variedad de modos de rezarlo. El primer modo era la forma privada y personal ayud\u00e1ndose de un libro; el segundo, una forma colectiva, con un texto al inicio de cada estaci\u00f3n, una reflexi\u00f3n, una oraci\u00f3n y la marcha hacia la estaci\u00f3n siguiente, acompa\u00f1ada de un canto; y el tercero, el V\u00eda Crucis en que la meditaci\u00f3n u oraci\u00f3n era en verso, acompa\u00f1ada de m\u00fasica.<\/p>\n<p style=\"text-align: justify;\">Cabe se\u00f1alar que este a\u00f1o se cumplen quinientos a\u00f1os de la llegada del V\u00eda Crucis a Sevilla. Fue en la Cuaresma de 1521 cuando don Fadrique Enr\u00edquez de Ribera (1476-1539), primer marqu\u00e9s de Tarifa y Adelantado mayor de Andaluc\u00eda, instaur\u00f3 su celebraci\u00f3n, inici\u00e1ndose en su propia casa y concluyendo el recorrido con la duod\u00e9cima estaci\u00f3n en la entonces llamada Huerta de los \u00c1ngeles, pr\u00f3xima al Humilladero de la Cruz del Campo, construido en 1380. A\u00f1os m\u00e1s tarde, en 1630, cambiar\u00eda el recorrido del V\u00eda Crucis, para comenzar en el retablo de m\u00e1rmol de la fachada de la Casa de Pilatos y terminar en el propio templete que construyeran los hermanos de la Hermandad de Los Negritos. Un total de novecientos noventa y siete metros, la misma distancia (mil tres cientos veinti\u00fan pasos) que separaban el palacio de Pilatos del G\u00f3lgota. Seria en 1720 cuando el n\u00famero de estaciones se ampliar\u00eda hasta catorce.<\/p>\n<p><img data-recalc-dims=\"1\" loading=\"lazy\" decoding=\"async\" class=\"wp-image-2134 aligncenter\" src=\"https:\/\/i0.wp.com\/hermandadelperdonmadrid.es\/wp-content\/uploads\/2021\/03\/Casa-de-Pilatos-scaled-e1616323501321.jpg?resize=570%2C338&#038;ssl=1\" alt=\"\" width=\"570\" height=\"338\" srcset=\"https:\/\/i0.wp.com\/hermandadelperdonmadrid.es\/wp-content\/uploads\/2021\/03\/Casa-de-Pilatos-scaled-e1616323501321.jpg?w=2560&amp;ssl=1 2560w, https:\/\/i0.wp.com\/hermandadelperdonmadrid.es\/wp-content\/uploads\/2021\/03\/Casa-de-Pilatos-scaled-e1616323501321.jpg?resize=300%2C178&amp;ssl=1 300w, https:\/\/i0.wp.com\/hermandadelperdonmadrid.es\/wp-content\/uploads\/2021\/03\/Casa-de-Pilatos-scaled-e1616323501321.jpg?resize=1024%2C606&amp;ssl=1 1024w, https:\/\/i0.wp.com\/hermandadelperdonmadrid.es\/wp-content\/uploads\/2021\/03\/Casa-de-Pilatos-scaled-e1616323501321.jpg?resize=768%2C455&amp;ssl=1 768w, https:\/\/i0.wp.com\/hermandadelperdonmadrid.es\/wp-content\/uploads\/2021\/03\/Casa-de-Pilatos-scaled-e1616323501321.jpg?resize=1536%2C910&amp;ssl=1 1536w, https:\/\/i0.wp.com\/hermandadelperdonmadrid.es\/wp-content\/uploads\/2021\/03\/Casa-de-Pilatos-scaled-e1616323501321.jpg?resize=2048%2C1213&amp;ssl=1 2048w, https:\/\/i0.wp.com\/hermandadelperdonmadrid.es\/wp-content\/uploads\/2021\/03\/Casa-de-Pilatos-scaled-e1616323501321.jpg?w=1280&amp;ssl=1 1280w, https:\/\/i0.wp.com\/hermandadelperdonmadrid.es\/wp-content\/uploads\/2021\/03\/Casa-de-Pilatos-scaled-e1616323501321.jpg?w=1920&amp;ssl=1 1920w\" sizes=\"auto, (max-width: 570px) 100vw, 570px\" \/><\/p>\n<p style=\"text-align: justify;\">A d\u00eda de hoy se sigue celebrando dicho V\u00eda Crucis cada Cuaresma, siendo presidido por la imagen titular de alguna de las hermandades de penitencia de la ciudad hispalense. Por las calles del recorrido, desde la plaza de Pilatos hasta el templete de la Cruz del Campo, se pueden contemplar azulejos con las im\u00e1genes que nos recuerdan las distintas estaciones.<\/p>\n<p style=\"text-align: right;\"><em>Julio Casanova Merinero<\/em><\/p>\n<table style=\"border-color: #f2efe1;\">\n<tbody>\n<tr>\n<td style=\"text-align: center;\"><img data-recalc-dims=\"1\" loading=\"lazy\" decoding=\"async\" class=\"aligncenter wp-image-2135\" src=\"https:\/\/i0.wp.com\/hermandadelperdonmadrid.es\/wp-content\/uploads\/2021\/03\/Estacion-1-scaled-e1616323678490.jpg?resize=222%2C445&#038;ssl=1\" alt=\"\" width=\"222\" height=\"445\" srcset=\"https:\/\/i0.wp.com\/hermandadelperdonmadrid.es\/wp-content\/uploads\/2021\/03\/Estacion-1-scaled-e1616323678490.jpg?w=1145&amp;ssl=1 1145w, https:\/\/i0.wp.com\/hermandadelperdonmadrid.es\/wp-content\/uploads\/2021\/03\/Estacion-1-scaled-e1616323678490.jpg?resize=150%2C300&amp;ssl=1 150w, https:\/\/i0.wp.com\/hermandadelperdonmadrid.es\/wp-content\/uploads\/2021\/03\/Estacion-1-scaled-e1616323678490.jpg?resize=510%2C1024&amp;ssl=1 510w, https:\/\/i0.wp.com\/hermandadelperdonmadrid.es\/wp-content\/uploads\/2021\/03\/Estacion-1-scaled-e1616323678490.jpg?resize=768%2C1541&amp;ssl=1 768w, https:\/\/i0.wp.com\/hermandadelperdonmadrid.es\/wp-content\/uploads\/2021\/03\/Estacion-1-scaled-e1616323678490.jpg?resize=766%2C1536&amp;ssl=1 766w, https:\/\/i0.wp.com\/hermandadelperdonmadrid.es\/wp-content\/uploads\/2021\/03\/Estacion-1-scaled-e1616323678490.jpg?resize=1021%2C2048&amp;ssl=1 1021w\" sizes=\"auto, (max-width: 222px) 100vw, 222px\" \/><\/td>\n<td><img data-recalc-dims=\"1\" loading=\"lazy\" decoding=\"async\" class=\"wp-image-2136  aligncenter\" src=\"https:\/\/i0.wp.com\/hermandadelperdonmadrid.es\/wp-content\/uploads\/2021\/03\/Estacion-2-scaled-e1616323639568.jpg?resize=205%2C445&#038;ssl=1\" alt=\"\" width=\"205\" height=\"445\" srcset=\"https:\/\/i0.wp.com\/hermandadelperdonmadrid.es\/wp-content\/uploads\/2021\/03\/Estacion-2-scaled-e1616323639568.jpg?w=1036&amp;ssl=1 1036w, https:\/\/i0.wp.com\/hermandadelperdonmadrid.es\/wp-content\/uploads\/2021\/03\/Estacion-2-scaled-e1616323639568.jpg?resize=138%2C300&amp;ssl=1 138w, https:\/\/i0.wp.com\/hermandadelperdonmadrid.es\/wp-content\/uploads\/2021\/03\/Estacion-2-scaled-e1616323639568.jpg?resize=471%2C1024&amp;ssl=1 471w, https:\/\/i0.wp.com\/hermandadelperdonmadrid.es\/wp-content\/uploads\/2021\/03\/Estacion-2-scaled-e1616323639568.jpg?resize=768%2C1669&amp;ssl=1 768w, https:\/\/i0.wp.com\/hermandadelperdonmadrid.es\/wp-content\/uploads\/2021\/03\/Estacion-2-scaled-e1616323639568.jpg?resize=707%2C1536&amp;ssl=1 707w, https:\/\/i0.wp.com\/hermandadelperdonmadrid.es\/wp-content\/uploads\/2021\/03\/Estacion-2-scaled-e1616323639568.jpg?resize=942%2C2048&amp;ssl=1 942w\" sizes=\"auto, (max-width: 205px) 100vw, 205px\" \/><\/td>\n<\/tr>\n<\/tbody>\n<\/table>\n<p><\/p>\n","protected":false},"excerpt":{"rendered":"<p>El primer V\u00eda Crucis de Europa se construy\u00f3 hace algo m\u00e1s de seis siglos en la serran\u00eda de C\u00f3rdoba, concretamente en la conocida como Torre Berlanga, adquirida por el beato dominico \u00c1lvaro de C\u00f3rdoba (1360-1430) para fundar el convento de &hellip; <a href=\"https:\/\/hermandadelperdonmadrid.es\/index.php\/2021\/03\/22\/seis-siglos-rezando-el-via-crucis\/\">Sigue leyendo <span class=\"meta-nav\">&rarr;<\/span><\/a><\/p>\n","protected":false},"author":1,"featured_media":0,"comment_status":"open","ping_status":"open","sticky":false,"template":"","format":"standard","meta":{"_jetpack_newsletter_access":"","_jetpack_dont_email_post_to_subs":false,"_jetpack_newsletter_tier_id":0,"_jetpack_memberships_contains_paywalled_content":false,"_jetpack_memberships_contains_paid_content":false,"footnotes":""},"categories":[1],"tags":[],"class_list":["post-2128","post","type-post","status-publish","format-standard","hentry","category-sin-categoria"],"jetpack_featured_media_url":"","jetpack_sharing_enabled":true,"jetpack_shortlink":"https:\/\/wp.me\/p8GJlT-yk","_links":{"self":[{"href":"https:\/\/hermandadelperdonmadrid.es\/index.php\/wp-json\/wp\/v2\/posts\/2128","targetHints":{"allow":["GET"]}}],"collection":[{"href":"https:\/\/hermandadelperdonmadrid.es\/index.php\/wp-json\/wp\/v2\/posts"}],"about":[{"href":"https:\/\/hermandadelperdonmadrid.es\/index.php\/wp-json\/wp\/v2\/types\/post"}],"author":[{"embeddable":true,"href":"https:\/\/hermandadelperdonmadrid.es\/index.php\/wp-json\/wp\/v2\/users\/1"}],"replies":[{"embeddable":true,"href":"https:\/\/hermandadelperdonmadrid.es\/index.php\/wp-json\/wp\/v2\/comments?post=2128"}],"version-history":[{"count":12,"href":"https:\/\/hermandadelperdonmadrid.es\/index.php\/wp-json\/wp\/v2\/posts\/2128\/revisions"}],"predecessor-version":[{"id":2154,"href":"https:\/\/hermandadelperdonmadrid.es\/index.php\/wp-json\/wp\/v2\/posts\/2128\/revisions\/2154"}],"wp:attachment":[{"href":"https:\/\/hermandadelperdonmadrid.es\/index.php\/wp-json\/wp\/v2\/media?parent=2128"}],"wp:term":[{"taxonomy":"category","embeddable":true,"href":"https:\/\/hermandadelperdonmadrid.es\/index.php\/wp-json\/wp\/v2\/categories?post=2128"},{"taxonomy":"post_tag","embeddable":true,"href":"https:\/\/hermandadelperdonmadrid.es\/index.php\/wp-json\/wp\/v2\/tags?post=2128"}],"curies":[{"name":"wp","href":"https:\/\/api.w.org\/{rel}","templated":true}]}}