{"id":2458,"date":"2022-02-09T17:30:00","date_gmt":"2022-02-09T16:30:00","guid":{"rendered":"http:\/\/hermandadelperdonmadrid.es\/?p=2458"},"modified":"2022-02-09T17:36:38","modified_gmt":"2022-02-09T16:36:38","slug":"con-nuestros-hermanos-de-san-ramon","status":"publish","type":"post","link":"https:\/\/hermandadelperdonmadrid.es\/index.php\/2022\/02\/09\/con-nuestros-hermanos-de-san-ramon\/","title":{"rendered":"Con nuestros Hermanos de San Ram\u00f3n"},"content":{"rendered":"<p style=\"text-align: justify;\"><img data-recalc-dims=\"1\" loading=\"lazy\" decoding=\"async\" class=\" wp-image-2459 alignleft\" src=\"https:\/\/i0.wp.com\/hermandadelperdonmadrid.es\/wp-content\/uploads\/2022\/02\/San-Ramon-2.jpg?resize=210%2C281&#038;ssl=1\" alt=\"\" width=\"210\" height=\"281\" srcset=\"https:\/\/i0.wp.com\/hermandadelperdonmadrid.es\/wp-content\/uploads\/2022\/02\/San-Ramon-2.jpg?w=1080&amp;ssl=1 1080w, https:\/\/i0.wp.com\/hermandadelperdonmadrid.es\/wp-content\/uploads\/2022\/02\/San-Ramon-2.jpg?resize=224%2C300&amp;ssl=1 224w, https:\/\/i0.wp.com\/hermandadelperdonmadrid.es\/wp-content\/uploads\/2022\/02\/San-Ramon-2.jpg?resize=766%2C1024&amp;ssl=1 766w, https:\/\/i0.wp.com\/hermandadelperdonmadrid.es\/wp-content\/uploads\/2022\/02\/San-Ramon-2.jpg?resize=768%2C1027&amp;ssl=1 768w\" sizes=\"auto, (max-width: 210px) 100vw, 210px\" \/>El pasado domingo, el primero de febrero, una representaci\u00f3n de nuestra Hermandad acompa\u00f1\u00f3 a la Hermandad de San Ram\u00f3n Nonato en la celebraci\u00f3n de su Funci\u00f3n Principal y posterior procesi\u00f3n por las calles del barrio.<\/p>\n<p style=\"text-align: justify;\">En el transcurso de la Eucarist\u00eda, presidida por el p\u00e1rroco, D. Jos\u00e9 Manuel Horcajo, se celebr\u00f3 la primera imposici\u00f3n de medallas a los miembros de la corporaci\u00f3n. Al t\u00e9rmino de la imposici\u00f3n, su Hermano Mayor, Javier P\u00e9rez-M\u00ednguez, junto con otros miembros de su Junta de Gobierno (todos hermanos de nuestra Hermandad) nos entregaron la medalla de honor concedida a nuestra instituci\u00f3n.<\/p>\n<p><img data-recalc-dims=\"1\" loading=\"lazy\" decoding=\"async\" class=\"wp-image-2460 aligncenter\" src=\"https:\/\/i0.wp.com\/hermandadelperdonmadrid.es\/wp-content\/uploads\/2022\/02\/San-Ramon-3.jpg?resize=450%2C328&#038;ssl=1\" alt=\"\" width=\"450\" height=\"328\" srcset=\"https:\/\/i0.wp.com\/hermandadelperdonmadrid.es\/wp-content\/uploads\/2022\/02\/San-Ramon-3.jpg?w=1080&amp;ssl=1 1080w, https:\/\/i0.wp.com\/hermandadelperdonmadrid.es\/wp-content\/uploads\/2022\/02\/San-Ramon-3.jpg?resize=300%2C219&amp;ssl=1 300w, https:\/\/i0.wp.com\/hermandadelperdonmadrid.es\/wp-content\/uploads\/2022\/02\/San-Ramon-3.jpg?resize=1024%2C747&amp;ssl=1 1024w, https:\/\/i0.wp.com\/hermandadelperdonmadrid.es\/wp-content\/uploads\/2022\/02\/San-Ramon-3.jpg?resize=768%2C560&amp;ssl=1 768w\" sizes=\"auto, (max-width: 450px) 100vw, 450px\" \/><\/p>\n<p style=\"text-align: justify;\"><img data-recalc-dims=\"1\" loading=\"lazy\" decoding=\"async\" class=\"wp-image-2461 alignright\" src=\"https:\/\/i0.wp.com\/hermandadelperdonmadrid.es\/wp-content\/uploads\/2022\/02\/San-Ramon-1.jpg?resize=170%2C221&#038;ssl=1\" alt=\"\" width=\"170\" height=\"221\" srcset=\"https:\/\/i0.wp.com\/hermandadelperdonmadrid.es\/wp-content\/uploads\/2022\/02\/San-Ramon-1.jpg?w=1080&amp;ssl=1 1080w, https:\/\/i0.wp.com\/hermandadelperdonmadrid.es\/wp-content\/uploads\/2022\/02\/San-Ramon-1.jpg?resize=230%2C300&amp;ssl=1 230w, https:\/\/i0.wp.com\/hermandadelperdonmadrid.es\/wp-content\/uploads\/2022\/02\/San-Ramon-1.jpg?resize=786%2C1024&amp;ssl=1 786w, https:\/\/i0.wp.com\/hermandadelperdonmadrid.es\/wp-content\/uploads\/2022\/02\/San-Ramon-1.jpg?resize=768%2C1001&amp;ssl=1 768w\" sizes=\"auto, (max-width: 170px) 100vw, 170px\" \/>Al finalizar la misa, la imagen de San Ram\u00f3n recorri\u00f3, sobre las andas de traslado de nuestra Dolorosa, las calles del barrio. A lo largo del recorrido (que abarc\u00f3 calles como Antonia Calas, Monte Igueldo y Robles) pudieron cargar al Santo todos aquellos fieles que lo desearon. En cada cruce se leyeron oraciones y toda la procesi\u00f3n estuvo amenizada por el coro de la hermandad.<\/p>\n<p style=\"text-align: right;\"><em>Julio Casanova Merinero<\/em><\/p>\n\n\n<p><\/p>\n","protected":false},"excerpt":{"rendered":"<p>El pasado domingo, el primero de febrero, una representaci\u00f3n de nuestra Hermandad acompa\u00f1\u00f3 a la Hermandad de San Ram\u00f3n Nonato en la celebraci\u00f3n de su Funci\u00f3n Principal y posterior procesi\u00f3n por las calles del barrio. En el transcurso de la &hellip; <a href=\"https:\/\/hermandadelperdonmadrid.es\/index.php\/2022\/02\/09\/con-nuestros-hermanos-de-san-ramon\/\">Sigue leyendo <span class=\"meta-nav\">&rarr;<\/span><\/a><\/p>\n","protected":false},"author":1,"featured_media":0,"comment_status":"open","ping_status":"open","sticky":false,"template":"","format":"standard","meta":{"_jetpack_newsletter_access":"","_jetpack_dont_email_post_to_subs":false,"_jetpack_newsletter_tier_id":0,"_jetpack_memberships_contains_paywalled_content":false,"_jetpack_memberships_contains_paid_content":false,"footnotes":""},"categories":[1],"tags":[],"class_list":["post-2458","post","type-post","status-publish","format-standard","hentry","category-sin-categoria"],"jetpack_featured_media_url":"","jetpack_sharing_enabled":true,"jetpack_shortlink":"https:\/\/wp.me\/p8GJlT-DE","_links":{"self":[{"href":"https:\/\/hermandadelperdonmadrid.es\/index.php\/wp-json\/wp\/v2\/posts\/2458","targetHints":{"allow":["GET"]}}],"collection":[{"href":"https:\/\/hermandadelperdonmadrid.es\/index.php\/wp-json\/wp\/v2\/posts"}],"about":[{"href":"https:\/\/hermandadelperdonmadrid.es\/index.php\/wp-json\/wp\/v2\/types\/post"}],"author":[{"embeddable":true,"href":"https:\/\/hermandadelperdonmadrid.es\/index.php\/wp-json\/wp\/v2\/users\/1"}],"replies":[{"embeddable":true,"href":"https:\/\/hermandadelperdonmadrid.es\/index.php\/wp-json\/wp\/v2\/comments?post=2458"}],"version-history":[{"count":2,"href":"https:\/\/hermandadelperdonmadrid.es\/index.php\/wp-json\/wp\/v2\/posts\/2458\/revisions"}],"predecessor-version":[{"id":2463,"href":"https:\/\/hermandadelperdonmadrid.es\/index.php\/wp-json\/wp\/v2\/posts\/2458\/revisions\/2463"}],"wp:attachment":[{"href":"https:\/\/hermandadelperdonmadrid.es\/index.php\/wp-json\/wp\/v2\/media?parent=2458"}],"wp:term":[{"taxonomy":"category","embeddable":true,"href":"https:\/\/hermandadelperdonmadrid.es\/index.php\/wp-json\/wp\/v2\/categories?post=2458"},{"taxonomy":"post_tag","embeddable":true,"href":"https:\/\/hermandadelperdonmadrid.es\/index.php\/wp-json\/wp\/v2\/tags?post=2458"}],"curies":[{"name":"wp","href":"https:\/\/api.w.org\/{rel}","templated":true}]}}