{"id":3305,"date":"2024-06-15T11:19:37","date_gmt":"2024-06-15T10:19:37","guid":{"rendered":"http:\/\/hermandadelperdonmadrid.es\/?p=3305"},"modified":"2024-07-14T11:49:37","modified_gmt":"2024-07-14T10:49:37","slug":"triduo-a-la-virgen-de-la-misericordia","status":"publish","type":"post","link":"https:\/\/hermandadelperdonmadrid.es\/index.php\/2024\/06\/15\/triduo-a-la-virgen-de-la-misericordia\/","title":{"rendered":"Triduo a la Virgen de la Misericordia"},"content":{"rendered":"<p style=\"text-align: justify;\">No hay mejor forma de terminar el curso que dedicando tres d\u00edas a rezar y venerar a nuestra Titular, Mar\u00eda Sant\u00edsima de la Misericordia.<\/p>\n<p style=\"text-align: justify;\"><img data-recalc-dims=\"1\" loading=\"lazy\" decoding=\"async\" class=\" wp-image-3307 alignleft\" src=\"https:\/\/i0.wp.com\/hermandadelperdonmadrid.es\/wp-content\/uploads\/2024\/07\/Triduo-Virgen-2024-2-scaled.jpg?resize=290%2C435&#038;ssl=1\" alt=\"\" width=\"290\" height=\"435\" srcset=\"https:\/\/i0.wp.com\/hermandadelperdonmadrid.es\/wp-content\/uploads\/2024\/07\/Triduo-Virgen-2024-2-scaled.jpg?w=1707&amp;ssl=1 1707w, https:\/\/i0.wp.com\/hermandadelperdonmadrid.es\/wp-content\/uploads\/2024\/07\/Triduo-Virgen-2024-2-scaled.jpg?resize=200%2C300&amp;ssl=1 200w, https:\/\/i0.wp.com\/hermandadelperdonmadrid.es\/wp-content\/uploads\/2024\/07\/Triduo-Virgen-2024-2-scaled.jpg?resize=683%2C1024&amp;ssl=1 683w, https:\/\/i0.wp.com\/hermandadelperdonmadrid.es\/wp-content\/uploads\/2024\/07\/Triduo-Virgen-2024-2-scaled.jpg?resize=768%2C1152&amp;ssl=1 768w, https:\/\/i0.wp.com\/hermandadelperdonmadrid.es\/wp-content\/uploads\/2024\/07\/Triduo-Virgen-2024-2-scaled.jpg?resize=1024%2C1536&amp;ssl=1 1024w, https:\/\/i0.wp.com\/hermandadelperdonmadrid.es\/wp-content\/uploads\/2024\/07\/Triduo-Virgen-2024-2-scaled.jpg?resize=1365%2C2048&amp;ssl=1 1365w, https:\/\/i0.wp.com\/hermandadelperdonmadrid.es\/wp-content\/uploads\/2024\/07\/Triduo-Virgen-2024-2-scaled.jpg?w=1280&amp;ssl=1 1280w\" sizes=\"auto, (max-width: 290px) 100vw, 290px\" \/>Este a\u00f1o contamos para el Triduo que, como ya es tradici\u00f3n, celebramos coincidiendo con la festividad lit\u00fargica del Inmaculado Coraz\u00f3n de Mar\u00eda, con los sacerdotes Miguel Moreno (de la parroquia Nuestra Se\u00f1ora de la Pe\u00f1a y San Felipe Neri), Juan Antonio Mart\u00ednez (de Santa Mar\u00eda del Buen Aire de Moratalaz) y Roberto Guerrero, T.O.R. (p\u00e1rroco de San Francisco de As\u00eds). La Funci\u00f3n Solemne del s\u00e1bado 8 de junio cont\u00f3, adem\u00e1s, con el acompa\u00f1amiento musical del coro parroquial de la misa de las 13:00h, cuya directora, Cristina Caneda, interpret\u00f3 magistralmente el Ave Mar\u00eda de Franz Schubert en el ofertorio.<\/p>\n<p style=\"text-align: justify;\">Al final de la misa, el Hermano Mayor quiso dirigirse a la asamblea para, desde el amb\u00f3n, mostrar su agradecimiento a todos los presentes, en especial a los sacerdotes, el cuerpo de ac\u00f3litos y las hermandades invitadas (entre ellas las de San Ram\u00f3n Nonato y El Roc\u00edo de La Estrella, a las que nos unen importantes lazos, encabezadas por sus respectivos hermanos mayores, Javier P\u00e9rez-M\u00ednguez y Jos\u00e9 Luis Campuzano).<\/p>\n<p style=\"text-align: justify;\">Los d\u00edas del Triduo la imagen de Mar\u00eda Sant\u00edsima de la Misericordia presidi\u00f3, como en a\u00f1os anteriores, el altar mayor de San Ram\u00f3n. Para la ocasi\u00f3n, la Se\u00f1ora luci\u00f3 manto y saya azules (por primera vez), y un exorno floral a base de rosas de color rosa profusamente colocadas por el equipo de priost\u00eda.<\/p>\n<p style=\"text-align: justify;\">Este mes de junio de 2024 Mar\u00eda Sant\u00edsima de la Misericordia, la Ni\u00f1a del Puente, volvi\u00f3 a recibir los rezos y peticiones de sus fieles, sus vecinos, su gente de Vallecas que, tras cinco a\u00f1os sin hacerlo, pudieron volver a besar su mano y contemplarla m\u00e1s cerca que nunca.<\/p>\n<p><img data-recalc-dims=\"1\" loading=\"lazy\" decoding=\"async\" class=\"aligncenter wp-image-3306\" src=\"https:\/\/i0.wp.com\/hermandadelperdonmadrid.es\/wp-content\/uploads\/2024\/07\/Triduo-Virgen-2024-1-scaled-e1720952467439.jpg?resize=540%2C663&#038;ssl=1\" alt=\"\" width=\"540\" height=\"663\" srcset=\"https:\/\/i0.wp.com\/hermandadelperdonmadrid.es\/wp-content\/uploads\/2024\/07\/Triduo-Virgen-2024-1-scaled-e1720952467439.jpg?w=1442&amp;ssl=1 1442w, https:\/\/i0.wp.com\/hermandadelperdonmadrid.es\/wp-content\/uploads\/2024\/07\/Triduo-Virgen-2024-1-scaled-e1720952467439.jpg?resize=244%2C300&amp;ssl=1 244w, https:\/\/i0.wp.com\/hermandadelperdonmadrid.es\/wp-content\/uploads\/2024\/07\/Triduo-Virgen-2024-1-scaled-e1720952467439.jpg?resize=834%2C1024&amp;ssl=1 834w, https:\/\/i0.wp.com\/hermandadelperdonmadrid.es\/wp-content\/uploads\/2024\/07\/Triduo-Virgen-2024-1-scaled-e1720952467439.jpg?resize=768%2C943&amp;ssl=1 768w, https:\/\/i0.wp.com\/hermandadelperdonmadrid.es\/wp-content\/uploads\/2024\/07\/Triduo-Virgen-2024-1-scaled-e1720952467439.jpg?resize=1251%2C1536&amp;ssl=1 1251w\" sizes=\"auto, (max-width: 540px) 100vw, 540px\" \/><\/p>\n","protected":false},"excerpt":{"rendered":"<p>No hay mejor forma de terminar el curso que dedicando tres d\u00edas a rezar y venerar a nuestra Titular, Mar\u00eda Sant\u00edsima de la Misericordia. Este a\u00f1o contamos para el Triduo que, como ya es tradici\u00f3n, celebramos coincidiendo con la festividad &hellip; <a href=\"https:\/\/hermandadelperdonmadrid.es\/index.php\/2024\/06\/15\/triduo-a-la-virgen-de-la-misericordia\/\">Sigue leyendo <span class=\"meta-nav\">&rarr;<\/span><\/a><\/p>\n","protected":false},"author":1,"featured_media":0,"comment_status":"open","ping_status":"open","sticky":false,"template":"","format":"standard","meta":{"_jetpack_newsletter_access":"","_jetpack_dont_email_post_to_subs":false,"_jetpack_newsletter_tier_id":0,"_jetpack_memberships_contains_paywalled_content":false,"_jetpack_memberships_contains_paid_content":false,"footnotes":""},"categories":[1],"tags":[],"class_list":["post-3305","post","type-post","status-publish","format-standard","hentry","category-sin-categoria"],"jetpack_featured_media_url":"","jetpack_sharing_enabled":true,"jetpack_shortlink":"https:\/\/wp.me\/p8GJlT-Rj","_links":{"self":[{"href":"https:\/\/hermandadelperdonmadrid.es\/index.php\/wp-json\/wp\/v2\/posts\/3305","targetHints":{"allow":["GET"]}}],"collection":[{"href":"https:\/\/hermandadelperdonmadrid.es\/index.php\/wp-json\/wp\/v2\/posts"}],"about":[{"href":"https:\/\/hermandadelperdonmadrid.es\/index.php\/wp-json\/wp\/v2\/types\/post"}],"author":[{"embeddable":true,"href":"https:\/\/hermandadelperdonmadrid.es\/index.php\/wp-json\/wp\/v2\/users\/1"}],"replies":[{"embeddable":true,"href":"https:\/\/hermandadelperdonmadrid.es\/index.php\/wp-json\/wp\/v2\/comments?post=3305"}],"version-history":[{"count":3,"href":"https:\/\/hermandadelperdonmadrid.es\/index.php\/wp-json\/wp\/v2\/posts\/3305\/revisions"}],"predecessor-version":[{"id":3311,"href":"https:\/\/hermandadelperdonmadrid.es\/index.php\/wp-json\/wp\/v2\/posts\/3305\/revisions\/3311"}],"wp:attachment":[{"href":"https:\/\/hermandadelperdonmadrid.es\/index.php\/wp-json\/wp\/v2\/media?parent=3305"}],"wp:term":[{"taxonomy":"category","embeddable":true,"href":"https:\/\/hermandadelperdonmadrid.es\/index.php\/wp-json\/wp\/v2\/categories?post=3305"},{"taxonomy":"post_tag","embeddable":true,"href":"https:\/\/hermandadelperdonmadrid.es\/index.php\/wp-json\/wp\/v2\/tags?post=3305"}],"curies":[{"name":"wp","href":"https:\/\/api.w.org\/{rel}","templated":true}]}}