{"id":3315,"date":"2024-06-10T11:55:45","date_gmt":"2024-06-10T10:55:45","guid":{"rendered":"http:\/\/hermandadelperdonmadrid.es\/?p=3315"},"modified":"2024-07-14T11:56:08","modified_gmt":"2024-07-14T10:56:08","slug":"nuevos-faroles-para-el-paso","status":"publish","type":"post","link":"https:\/\/hermandadelperdonmadrid.es\/index.php\/2024\/06\/10\/nuevos-faroles-para-el-paso\/","title":{"rendered":"Nuevos faroles para el paso"},"content":{"rendered":"<p style=\"text-align: justify;\"><img data-recalc-dims=\"1\" loading=\"lazy\" decoding=\"async\" class=\"alignright wp-image-3317\" src=\"https:\/\/i0.wp.com\/hermandadelperdonmadrid.es\/wp-content\/uploads\/2024\/07\/Faroles-2.jpg?resize=175%2C311&#038;ssl=1\" alt=\"\" width=\"175\" height=\"311\" srcset=\"https:\/\/i0.wp.com\/hermandadelperdonmadrid.es\/wp-content\/uploads\/2024\/07\/Faroles-2.jpg?w=1080&amp;ssl=1 1080w, https:\/\/i0.wp.com\/hermandadelperdonmadrid.es\/wp-content\/uploads\/2024\/07\/Faroles-2.jpg?resize=169%2C300&amp;ssl=1 169w, https:\/\/i0.wp.com\/hermandadelperdonmadrid.es\/wp-content\/uploads\/2024\/07\/Faroles-2.jpg?resize=576%2C1024&amp;ssl=1 576w, https:\/\/i0.wp.com\/hermandadelperdonmadrid.es\/wp-content\/uploads\/2024\/07\/Faroles-2.jpg?resize=768%2C1365&amp;ssl=1 768w, https:\/\/i0.wp.com\/hermandadelperdonmadrid.es\/wp-content\/uploads\/2024\/07\/Faroles-2.jpg?resize=864%2C1536&amp;ssl=1 864w\" sizes=\"auto, (max-width: 175px) 100vw, 175px\" \/><img data-recalc-dims=\"1\" loading=\"lazy\" decoding=\"async\" class=\"alignleft wp-image-3316\" src=\"https:\/\/i0.wp.com\/hermandadelperdonmadrid.es\/wp-content\/uploads\/2024\/07\/Faroles-1.jpg?resize=175%2C311&#038;ssl=1\" alt=\"\" width=\"175\" height=\"311\" srcset=\"https:\/\/i0.wp.com\/hermandadelperdonmadrid.es\/wp-content\/uploads\/2024\/07\/Faroles-1.jpg?w=1080&amp;ssl=1 1080w, https:\/\/i0.wp.com\/hermandadelperdonmadrid.es\/wp-content\/uploads\/2024\/07\/Faroles-1.jpg?resize=169%2C300&amp;ssl=1 169w, https:\/\/i0.wp.com\/hermandadelperdonmadrid.es\/wp-content\/uploads\/2024\/07\/Faroles-1.jpg?resize=576%2C1024&amp;ssl=1 576w, https:\/\/i0.wp.com\/hermandadelperdonmadrid.es\/wp-content\/uploads\/2024\/07\/Faroles-1.jpg?resize=768%2C1365&amp;ssl=1 768w, https:\/\/i0.wp.com\/hermandadelperdonmadrid.es\/wp-content\/uploads\/2024\/07\/Faroles-1.jpg?resize=864%2C1536&amp;ssl=1 864w\" sizes=\"auto, (max-width: 175px) 100vw, 175px\" \/>Una aspiraci\u00f3n que rondaba la cabeza de los miembros de la Junta de Gobierno desde que se termin\u00f3 de pagar el sistema de izado de la cruz del Se\u00f1or pasaba por la adquisici\u00f3n de una nueva iluminaci\u00f3n, en propiedad, para el paso de misterio. Esta iluminaci\u00f3n vendr\u00e1 a sustituir los faroles plateados cedidos por la parroquia del Salvador y San Nicol\u00e1s (sita en la calle Atocha de Madrid) que hasta este a\u00f1o conformaban la iluminaci\u00f3n de nuestro paso procesional.<\/p>\n<p style=\"text-align: justify;\">El pasado mes de abril, la Directiva de la Hermandad tom\u00f3 contacto con el ebanista Salvador Garc\u00eda, con taller en la localidad murciana de Ceheg\u00edn, para la adquisici\u00f3n de cuatro nuevos faroles en madera de color caoba que iluminar\u00e1n, a partir de la Semana Santa de 2025, a nuestros Titulares.<\/p>\n","protected":false},"excerpt":{"rendered":"<p>Una aspiraci\u00f3n que rondaba la cabeza de los miembros de la Junta de Gobierno desde que se termin\u00f3 de pagar el sistema de izado de la cruz del Se\u00f1or pasaba por la adquisici\u00f3n de una nueva iluminaci\u00f3n, en propiedad, para &hellip; <a href=\"https:\/\/hermandadelperdonmadrid.es\/index.php\/2024\/06\/10\/nuevos-faroles-para-el-paso\/\">Sigue leyendo <span class=\"meta-nav\">&rarr;<\/span><\/a><\/p>\n","protected":false},"author":1,"featured_media":0,"comment_status":"open","ping_status":"open","sticky":false,"template":"","format":"standard","meta":{"_jetpack_newsletter_access":"","_jetpack_dont_email_post_to_subs":false,"_jetpack_newsletter_tier_id":0,"_jetpack_memberships_contains_paywalled_content":false,"_jetpack_memberships_contains_paid_content":false,"footnotes":""},"categories":[1],"tags":[],"class_list":["post-3315","post","type-post","status-publish","format-standard","hentry","category-sin-categoria"],"jetpack_featured_media_url":"","jetpack_sharing_enabled":true,"jetpack_shortlink":"https:\/\/wp.me\/p8GJlT-Rt","_links":{"self":[{"href":"https:\/\/hermandadelperdonmadrid.es\/index.php\/wp-json\/wp\/v2\/posts\/3315","targetHints":{"allow":["GET"]}}],"collection":[{"href":"https:\/\/hermandadelperdonmadrid.es\/index.php\/wp-json\/wp\/v2\/posts"}],"about":[{"href":"https:\/\/hermandadelperdonmadrid.es\/index.php\/wp-json\/wp\/v2\/types\/post"}],"author":[{"embeddable":true,"href":"https:\/\/hermandadelperdonmadrid.es\/index.php\/wp-json\/wp\/v2\/users\/1"}],"replies":[{"embeddable":true,"href":"https:\/\/hermandadelperdonmadrid.es\/index.php\/wp-json\/wp\/v2\/comments?post=3315"}],"version-history":[{"count":4,"href":"https:\/\/hermandadelperdonmadrid.es\/index.php\/wp-json\/wp\/v2\/posts\/3315\/revisions"}],"predecessor-version":[{"id":3321,"href":"https:\/\/hermandadelperdonmadrid.es\/index.php\/wp-json\/wp\/v2\/posts\/3315\/revisions\/3321"}],"wp:attachment":[{"href":"https:\/\/hermandadelperdonmadrid.es\/index.php\/wp-json\/wp\/v2\/media?parent=3315"}],"wp:term":[{"taxonomy":"category","embeddable":true,"href":"https:\/\/hermandadelperdonmadrid.es\/index.php\/wp-json\/wp\/v2\/categories?post=3315"},{"taxonomy":"post_tag","embeddable":true,"href":"https:\/\/hermandadelperdonmadrid.es\/index.php\/wp-json\/wp\/v2\/tags?post=3315"}],"curies":[{"name":"wp","href":"https:\/\/api.w.org\/{rel}","templated":true}]}}