{"id":680,"date":"2017-05-22T07:23:44","date_gmt":"2017-05-22T07:23:44","guid":{"rendered":"http:\/\/hermandadelperdonmadrid.es\/?p=680"},"modified":"2017-07-10T20:47:18","modified_gmt":"2017-07-10T20:47:18","slug":"coronacion-de-nuestra-senora-de-la-asuncion-de-butarque","status":"publish","type":"post","link":"https:\/\/hermandadelperdonmadrid.es\/index.php\/2017\/05\/22\/coronacion-de-nuestra-senora-de-la-asuncion-de-butarque\/","title":{"rendered":"Coronaci\u00f3n de Nuestra Se\u00f1ora de la Asunci\u00f3n de Butarque"},"content":{"rendered":"<p style=\"text-align: justify;\"><img data-recalc-dims=\"1\" loading=\"lazy\" decoding=\"async\" class=\" wp-image-708 aligncenter\" src=\"https:\/\/i0.wp.com\/hermandadelperdonmadrid.es\/wp-content\/uploads\/2017\/05\/Virgen-Butarque.png?resize=204%2C363&#038;ssl=1\" alt=\"Virgen Butarque\" width=\"204\" height=\"363\" srcset=\"https:\/\/i0.wp.com\/hermandadelperdonmadrid.es\/wp-content\/uploads\/2017\/05\/Virgen-Butarque.png?w=1080&amp;ssl=1 1080w, https:\/\/i0.wp.com\/hermandadelperdonmadrid.es\/wp-content\/uploads\/2017\/05\/Virgen-Butarque.png?resize=169%2C300&amp;ssl=1 169w, https:\/\/i0.wp.com\/hermandadelperdonmadrid.es\/wp-content\/uploads\/2017\/05\/Virgen-Butarque.png?resize=768%2C1365&amp;ssl=1 768w, https:\/\/i0.wp.com\/hermandadelperdonmadrid.es\/wp-content\/uploads\/2017\/05\/Virgen-Butarque.png?resize=576%2C1024&amp;ssl=1 576w\" sizes=\"auto, (max-width: 204px) 100vw, 204px\" \/><\/p>\n<p style=\"text-align: justify;\">E<span style=\"font-family: 'Times New Roman', Times;\">l pasado s\u00e1bado 20 de Mayo, una representaci\u00f3n de nuestra Hermandad particip\u00f3 de la celebraci\u00f3n de la Coronaci\u00f3n Can\u00f3nica de Nuestra Se\u00f1ora de la Asunci\u00f3n de Butarque, la patrona de Legan\u00e9s. Los actos consistieron en la Solemne Eucarist\u00eda Pontificial de Coronaci\u00f3n, presidida por el Excmo. y Rvdmo. Sr. Joaqu\u00edn Mar\u00eda L\u00f3pez de Andujar, obispo de la di\u00f3cesis de Getafe, qui\u00e9n en su homil\u00eda hizo sin saberlo una menci\u00f3n a nuestra Sagrada Titular, refiri\u00e9ndose a nuestra madre Mar\u00eda como Reina de la Misericordia; \u00a0y la posterior procesi\u00f3n por las calles de la localidad, desde la Plaza Mayor de Legan\u00e9s hasta la Iglesia de San Salvador.<\/span><\/p>\n<p style=\"text-align: justify;\"><span style=\"font-family: 'Times New Roman', Times;\"><img data-recalc-dims=\"1\" loading=\"lazy\" decoding=\"async\" class=\" wp-image-696 aligncenter\" src=\"https:\/\/i0.wp.com\/hermandadelperdonmadrid.es\/wp-content\/uploads\/2017\/05\/Coronaci%C3%B3n-Butarque.png?resize=196%2C348&#038;ssl=1\" alt=\"Coronaci\u00f3n Butarque\" width=\"196\" height=\"348\" srcset=\"https:\/\/i0.wp.com\/hermandadelperdonmadrid.es\/wp-content\/uploads\/2017\/05\/Coronaci%C3%B3n-Butarque.png?w=1080&amp;ssl=1 1080w, https:\/\/i0.wp.com\/hermandadelperdonmadrid.es\/wp-content\/uploads\/2017\/05\/Coronaci%C3%B3n-Butarque.png?resize=169%2C300&amp;ssl=1 169w, https:\/\/i0.wp.com\/hermandadelperdonmadrid.es\/wp-content\/uploads\/2017\/05\/Coronaci%C3%B3n-Butarque.png?resize=768%2C1365&amp;ssl=1 768w, https:\/\/i0.wp.com\/hermandadelperdonmadrid.es\/wp-content\/uploads\/2017\/05\/Coronaci%C3%B3n-Butarque.png?resize=576%2C1024&amp;ssl=1 576w\" sizes=\"auto, (max-width: 196px) 100vw, 196px\" \/><\/span><\/p>\n<p style=\"text-align: justify;\"><span style=\"font-family: 'Times New Roman', Times;\">En la procesi\u00f3n adem\u00e1s de la imagen de la Virgen de Butarque, estaban presentes la imagen de San Nicasio, obispo, martir y patr\u00f3n de la ciudad, y la de la Virgen de la Almudena, patrona de Madrid, como im\u00e1genes de las hermandades madrinas de la coronaci\u00f3n. Tambi\u00e9n acudieron varias casas regionales que realizaron bailes tradicionales en honor de la patrona a lo largo del recorrido procesional, as\u00ed como numerosas hermandades de la di\u00f3cesis de Getafe, de Madrid y de la propia ciudad de Legan\u00e9s.<\/span><\/p>\n<p style=\"text-align: justify;\"><span style=\"font-family: 'Times New Roman', Times;\"><img data-recalc-dims=\"1\" loading=\"lazy\" decoding=\"async\" class=\" wp-image-702 aligncenter\" src=\"https:\/\/i0.wp.com\/hermandadelperdonmadrid.es\/wp-content\/uploads\/2017\/05\/Coronaci%C3%B3n-Butarque-2.jpg?resize=178%2C316&#038;ssl=1\" alt=\"Coronaci\u00f3n Butarque 2\" width=\"178\" height=\"316\" srcset=\"https:\/\/i0.wp.com\/hermandadelperdonmadrid.es\/wp-content\/uploads\/2017\/05\/Coronaci%C3%B3n-Butarque-2.jpg?w=2121&amp;ssl=1 2121w, https:\/\/i0.wp.com\/hermandadelperdonmadrid.es\/wp-content\/uploads\/2017\/05\/Coronaci%C3%B3n-Butarque-2.jpg?resize=169%2C300&amp;ssl=1 169w, https:\/\/i0.wp.com\/hermandadelperdonmadrid.es\/wp-content\/uploads\/2017\/05\/Coronaci%C3%B3n-Butarque-2.jpg?resize=768%2C1365&amp;ssl=1 768w, https:\/\/i0.wp.com\/hermandadelperdonmadrid.es\/wp-content\/uploads\/2017\/05\/Coronaci%C3%B3n-Butarque-2.jpg?resize=576%2C1024&amp;ssl=1 576w, https:\/\/i0.wp.com\/hermandadelperdonmadrid.es\/wp-content\/uploads\/2017\/05\/Coronaci%C3%B3n-Butarque-2.jpg?w=1280&amp;ssl=1 1280w, https:\/\/i0.wp.com\/hermandadelperdonmadrid.es\/wp-content\/uploads\/2017\/05\/Coronaci%C3%B3n-Butarque-2.jpg?w=1920&amp;ssl=1 1920w\" sizes=\"auto, (max-width: 178px) 100vw, 178px\" \/><\/span><\/p>\n","protected":false},"excerpt":{"rendered":"<p>El pasado s\u00e1bado 20 de Mayo, una representaci\u00f3n de nuestra Hermandad particip\u00f3 de la celebraci\u00f3n de la Coronaci\u00f3n Can\u00f3nica de Nuestra Se\u00f1ora de la Asunci\u00f3n de Butarque, la patrona de Legan\u00e9s. Los actos consistieron en la Solemne Eucarist\u00eda Pontificial de &hellip; <a href=\"https:\/\/hermandadelperdonmadrid.es\/index.php\/2017\/05\/22\/coronacion-de-nuestra-senora-de-la-asuncion-de-butarque\/\">Sigue leyendo <span class=\"meta-nav\">&rarr;<\/span><\/a><\/p>\n","protected":false},"author":1,"featured_media":0,"comment_status":"open","ping_status":"open","sticky":false,"template":"","format":"standard","meta":{"_jetpack_newsletter_access":"","_jetpack_dont_email_post_to_subs":false,"_jetpack_newsletter_tier_id":0,"_jetpack_memberships_contains_paywalled_content":false,"_jetpack_memberships_contains_paid_content":false,"footnotes":""},"categories":[1],"tags":[],"class_list":["post-680","post","type-post","status-publish","format-standard","hentry","category-sin-categoria"],"jetpack_featured_media_url":"","jetpack_sharing_enabled":true,"jetpack_shortlink":"https:\/\/wp.me\/p8GJlT-aY","_links":{"self":[{"href":"https:\/\/hermandadelperdonmadrid.es\/index.php\/wp-json\/wp\/v2\/posts\/680","targetHints":{"allow":["GET"]}}],"collection":[{"href":"https:\/\/hermandadelperdonmadrid.es\/index.php\/wp-json\/wp\/v2\/posts"}],"about":[{"href":"https:\/\/hermandadelperdonmadrid.es\/index.php\/wp-json\/wp\/v2\/types\/post"}],"author":[{"embeddable":true,"href":"https:\/\/hermandadelperdonmadrid.es\/index.php\/wp-json\/wp\/v2\/users\/1"}],"replies":[{"embeddable":true,"href":"https:\/\/hermandadelperdonmadrid.es\/index.php\/wp-json\/wp\/v2\/comments?post=680"}],"version-history":[{"count":27,"href":"https:\/\/hermandadelperdonmadrid.es\/index.php\/wp-json\/wp\/v2\/posts\/680\/revisions"}],"predecessor-version":[{"id":816,"href":"https:\/\/hermandadelperdonmadrid.es\/index.php\/wp-json\/wp\/v2\/posts\/680\/revisions\/816"}],"wp:attachment":[{"href":"https:\/\/hermandadelperdonmadrid.es\/index.php\/wp-json\/wp\/v2\/media?parent=680"}],"wp:term":[{"taxonomy":"category","embeddable":true,"href":"https:\/\/hermandadelperdonmadrid.es\/index.php\/wp-json\/wp\/v2\/categories?post=680"},{"taxonomy":"post_tag","embeddable":true,"href":"https:\/\/hermandadelperdonmadrid.es\/index.php\/wp-json\/wp\/v2\/tags?post=680"}],"curies":[{"name":"wp","href":"https:\/\/api.w.org\/{rel}","templated":true}]}}