{"id":725,"date":"2017-05-27T20:03:58","date_gmt":"2017-05-27T20:03:58","guid":{"rendered":"http:\/\/hermandadelperdonmadrid.es\/?p=725"},"modified":"2021-08-23T07:50:52","modified_gmt":"2021-08-23T06:50:52","slug":"ofrenda-de-flores-en-la-parroquia-nuestra-senora-de-la-misericordia","status":"publish","type":"post","link":"https:\/\/hermandadelperdonmadrid.es\/index.php\/2017\/05\/27\/ofrenda-de-flores-en-la-parroquia-nuestra-senora-de-la-misericordia\/","title":{"rendered":"Ofrenda de flores en la parroquia Nuestra Se\u00f1ora de la Misericordia"},"content":{"rendered":"<p style=\"text-align: justify;\"><img data-recalc-dims=\"1\" loading=\"lazy\" decoding=\"async\" class=\"wp-image-734 alignleft\" src=\"https:\/\/i0.wp.com\/hermandadelperdonmadrid.es\/wp-content\/uploads\/2017\/05\/Virgen-Misericordia.jpg?resize=145%2C257&#038;ssl=1\" alt=\"\" width=\"145\" height=\"257\" srcset=\"https:\/\/i0.wp.com\/hermandadelperdonmadrid.es\/wp-content\/uploads\/2017\/05\/Virgen-Misericordia.jpg?w=540&amp;ssl=1 540w, https:\/\/i0.wp.com\/hermandadelperdonmadrid.es\/wp-content\/uploads\/2017\/05\/Virgen-Misericordia.jpg?resize=169%2C300&amp;ssl=1 169w\" sizes=\"auto, (max-width: 145px) 100vw, 145px\" \/><span style=\"font-family: 'Times New Roman', Times;\">A<img data-recalc-dims=\"1\" loading=\"lazy\" decoding=\"async\" class=\" wp-image-732 alignright\" src=\"https:\/\/i0.wp.com\/hermandadelperdonmadrid.es\/wp-content\/uploads\/2017\/05\/Ofrenda-Floral-Misericordia.jpg?resize=145%2C257&#038;ssl=1\" alt=\"\" width=\"145\" height=\"257\" srcset=\"https:\/\/i0.wp.com\/hermandadelperdonmadrid.es\/wp-content\/uploads\/2017\/05\/Ofrenda-Floral-Misericordia.jpg?w=900&amp;ssl=1 900w, https:\/\/i0.wp.com\/hermandadelperdonmadrid.es\/wp-content\/uploads\/2017\/05\/Ofrenda-Floral-Misericordia.jpg?resize=169%2C300&amp;ssl=1 169w, https:\/\/i0.wp.com\/hermandadelperdonmadrid.es\/wp-content\/uploads\/2017\/05\/Ofrenda-Floral-Misericordia.jpg?resize=768%2C1365&amp;ssl=1 768w, https:\/\/i0.wp.com\/hermandadelperdonmadrid.es\/wp-content\/uploads\/2017\/05\/Ofrenda-Floral-Misericordia.jpg?resize=576%2C1024&amp;ssl=1 576w\" sizes=\"auto, (max-width: 145px) 100vw, 145px\" \/>yer, viernes 26 de mayo nuestra Hermandad particip\u00f3, junto a la Hermandad del Roc\u00edo de la Estrella y otras agrupaciones y movimientos parroquiales, en la ofrenda de flores a la Imagen Titular de la parroquia Nuestra Se\u00f1ora de la Misericordia de Puente de Vallecas, a la que nuestra corporaci\u00f3n est\u00e1 muy ligada.<\/span><\/p>\n<p style=\"text-align: justify;\"><span style=\"font-family: 'Times New Roman', Times;\"><img data-recalc-dims=\"1\" loading=\"lazy\" decoding=\"async\" class=\" wp-image-742 aligncenter\" src=\"https:\/\/i0.wp.com\/hermandadelperdonmadrid.es\/wp-content\/uploads\/2017\/05\/Sant%C3%ADsimo-Misericordia-2.jpg?resize=450%2C253&#038;ssl=1\" alt=\"\" width=\"450\" height=\"253\" srcset=\"https:\/\/i0.wp.com\/hermandadelperdonmadrid.es\/wp-content\/uploads\/2017\/05\/Sant%C3%ADsimo-Misericordia-2.jpg?w=5312&amp;ssl=1 5312w, https:\/\/i0.wp.com\/hermandadelperdonmadrid.es\/wp-content\/uploads\/2017\/05\/Sant%C3%ADsimo-Misericordia-2.jpg?resize=300%2C169&amp;ssl=1 300w, https:\/\/i0.wp.com\/hermandadelperdonmadrid.es\/wp-content\/uploads\/2017\/05\/Sant%C3%ADsimo-Misericordia-2.jpg?resize=768%2C432&amp;ssl=1 768w, https:\/\/i0.wp.com\/hermandadelperdonmadrid.es\/wp-content\/uploads\/2017\/05\/Sant%C3%ADsimo-Misericordia-2.jpg?resize=1024%2C576&amp;ssl=1 1024w, https:\/\/i0.wp.com\/hermandadelperdonmadrid.es\/wp-content\/uploads\/2017\/05\/Sant%C3%ADsimo-Misericordia-2.jpg?w=1280&amp;ssl=1 1280w, https:\/\/i0.wp.com\/hermandadelperdonmadrid.es\/wp-content\/uploads\/2017\/05\/Sant%C3%ADsimo-Misericordia-2.jpg?w=1920&amp;ssl=1 1920w\" sizes=\"auto, (max-width: 450px) 100vw, 450px\" \/>La celebraci\u00f3n consisti\u00f3 en una oraci\u00f3n con adoraci\u00f3n eucar\u00edstica acompa\u00f1ada por un coro de Taiz\u00e9. Acabada la celebraci\u00f3n, despu\u00e9s de que el P\u00e1rroco, D. Jos\u00e9 Luengo Coloma, diera la bendici\u00f3n con el Sant\u00edsimo Sacramento, una representaci\u00f3n de hermandades y grupos parroquiales fueron depositando sus flores al pie de la Virgen. Este a\u00f1o los colores elegidos para el manto floral de la Virgen han sido el blanco y el rosa.<\/span><\/p>\n","protected":false},"excerpt":{"rendered":"<p>Ayer, viernes 26 de mayo nuestra Hermandad particip\u00f3, junto a la Hermandad del Roc\u00edo de la Estrella y otras agrupaciones y movimientos parroquiales, en la ofrenda de flores a la Imagen Titular de la parroquia Nuestra Se\u00f1ora de la Misericordia &hellip; <a href=\"https:\/\/hermandadelperdonmadrid.es\/index.php\/2017\/05\/27\/ofrenda-de-flores-en-la-parroquia-nuestra-senora-de-la-misericordia\/\">Sigue leyendo <span class=\"meta-nav\">&rarr;<\/span><\/a><\/p>\n","protected":false},"author":1,"featured_media":0,"comment_status":"open","ping_status":"open","sticky":false,"template":"","format":"standard","meta":{"_jetpack_newsletter_access":"","_jetpack_dont_email_post_to_subs":false,"_jetpack_newsletter_tier_id":0,"_jetpack_memberships_contains_paywalled_content":false,"_jetpack_memberships_contains_paid_content":false,"footnotes":""},"categories":[1],"tags":[],"class_list":["post-725","post","type-post","status-publish","format-standard","hentry","category-sin-categoria"],"jetpack_featured_media_url":"","jetpack_sharing_enabled":true,"jetpack_shortlink":"https:\/\/wp.me\/p8GJlT-bH","_links":{"self":[{"href":"https:\/\/hermandadelperdonmadrid.es\/index.php\/wp-json\/wp\/v2\/posts\/725","targetHints":{"allow":["GET"]}}],"collection":[{"href":"https:\/\/hermandadelperdonmadrid.es\/index.php\/wp-json\/wp\/v2\/posts"}],"about":[{"href":"https:\/\/hermandadelperdonmadrid.es\/index.php\/wp-json\/wp\/v2\/types\/post"}],"author":[{"embeddable":true,"href":"https:\/\/hermandadelperdonmadrid.es\/index.php\/wp-json\/wp\/v2\/users\/1"}],"replies":[{"embeddable":true,"href":"https:\/\/hermandadelperdonmadrid.es\/index.php\/wp-json\/wp\/v2\/comments?post=725"}],"version-history":[{"count":9,"href":"https:\/\/hermandadelperdonmadrid.es\/index.php\/wp-json\/wp\/v2\/posts\/725\/revisions"}],"predecessor-version":[{"id":2298,"href":"https:\/\/hermandadelperdonmadrid.es\/index.php\/wp-json\/wp\/v2\/posts\/725\/revisions\/2298"}],"wp:attachment":[{"href":"https:\/\/hermandadelperdonmadrid.es\/index.php\/wp-json\/wp\/v2\/media?parent=725"}],"wp:term":[{"taxonomy":"category","embeddable":true,"href":"https:\/\/hermandadelperdonmadrid.es\/index.php\/wp-json\/wp\/v2\/categories?post=725"},{"taxonomy":"post_tag","embeddable":true,"href":"https:\/\/hermandadelperdonmadrid.es\/index.php\/wp-json\/wp\/v2\/tags?post=725"}],"curies":[{"name":"wp","href":"https:\/\/api.w.org\/{rel}","templated":true}]}}