{"id":786,"date":"2017-07-06T19:57:01","date_gmt":"2017-07-06T19:57:01","guid":{"rendered":"http:\/\/hermandadelperdonmadrid.es\/?p=786"},"modified":"2021-08-23T07:49:56","modified_gmt":"2021-08-23T06:49:56","slug":"en-visperas-del-carmen","status":"publish","type":"post","link":"https:\/\/hermandadelperdonmadrid.es\/index.php\/2017\/07\/06\/en-visperas-del-carmen\/","title":{"rendered":"En v\u00edsperas del Carmen"},"content":{"rendered":"<p style=\"text-align: justify;\"><span style=\"font-family: 'Times New Roman', Times;\">Un a\u00f1o m\u00e1s, en poco m\u00e1s de una semana celebraremos la fiesta de Nuestra Se\u00f1ora del Carmen, una de las advocaciones m\u00e1s queridas y reproducidas en todo el orbe cat\u00f3lico.<\/span><\/p>\n<p><span style=\"font-family: 'Times New Roman', Times;\"><img data-recalc-dims=\"1\" loading=\"lazy\" decoding=\"async\" class=\" wp-image-793 aligncenter\" src=\"https:\/\/i0.wp.com\/hermandadelperdonmadrid.es\/wp-content\/uploads\/2017\/07\/Virgen-Carmen-3.jpg?resize=300%2C401&#038;ssl=1\" alt=\"Virgen Carmen 3\" width=\"300\" height=\"401\" srcset=\"https:\/\/i0.wp.com\/hermandadelperdonmadrid.es\/wp-content\/uploads\/2017\/07\/Virgen-Carmen-3.jpg?w=981&amp;ssl=1 981w, https:\/\/i0.wp.com\/hermandadelperdonmadrid.es\/wp-content\/uploads\/2017\/07\/Virgen-Carmen-3.jpg?resize=224%2C300&amp;ssl=1 224w, https:\/\/i0.wp.com\/hermandadelperdonmadrid.es\/wp-content\/uploads\/2017\/07\/Virgen-Carmen-3.jpg?resize=768%2C1027&amp;ssl=1 768w, https:\/\/i0.wp.com\/hermandadelperdonmadrid.es\/wp-content\/uploads\/2017\/07\/Virgen-Carmen-3.jpg?resize=766%2C1024&amp;ssl=1 766w\" sizes=\"auto, (max-width: 300px) 100vw, 300px\" \/><\/span><\/p>\n<p style=\"text-align: justify;\"><span style=\"font-family: 'Times New Roman', Times;\">La Virgen del Carmen toma su nombre en alusi\u00f3n al monte Carmelo (monte \u00abdel jard\u00edn\u00bb), al oeste del lago de Galilea.<\/span><br \/>\n<span style=\"font-family: 'Times New Roman', Times;\"> En el Libro de los Reyes se narra c\u00f3mo el profeta El\u00edas, en medio de una \u00e9poca de gran sequ\u00eda, prometi\u00f3 a Dios que si volv\u00edan las lluvias<\/span><br \/>\n<span style=\"font-family: 'Times New Roman', Times;\"> el rey Ajaab y su pueblo abandonar\u00edan al dios Baal para creer en \u00c9l. La sequ\u00eda termin\u00f3 y al monte Carmelo comenzaron a llegar peregrinos y ermita\u00f1os que m\u00e1s tarde ser\u00edan llamados \u00abcarmelitas\u00bb.<\/span><br \/>\n<span style=\"font-family: 'Times New Roman', Times;\"> El domingo 16 de julio de 1251, San Sim\u00f3n Stock, Superior General de los Padres Carmelitas del convento de Cambridge, estaba rezando por el destino de su orden cuando se le apareci\u00f3 la Virgen Mar\u00eda, vestida con el h\u00e1bito carmelita, con el Ni\u00f1o Jes\u00fas en sus brazos y el Escapulario en su mano.<\/span><\/p>\n<p style=\"text-align: justify;\"><span style=\"font-family: 'Times New Roman', Times;\"><img data-recalc-dims=\"1\" loading=\"lazy\" decoding=\"async\" class=\" wp-image-794 aligncenter\" src=\"https:\/\/i0.wp.com\/hermandadelperdonmadrid.es\/wp-content\/uploads\/2017\/07\/Virgen-Carmen-2.jpg?resize=300%2C424&#038;ssl=1\" alt=\"Virgen Carmen 2\" width=\"300\" height=\"424\" srcset=\"https:\/\/i0.wp.com\/hermandadelperdonmadrid.es\/wp-content\/uploads\/2017\/07\/Virgen-Carmen-2.jpg?w=1000&amp;ssl=1 1000w, https:\/\/i0.wp.com\/hermandadelperdonmadrid.es\/wp-content\/uploads\/2017\/07\/Virgen-Carmen-2.jpg?resize=212%2C300&amp;ssl=1 212w, https:\/\/i0.wp.com\/hermandadelperdonmadrid.es\/wp-content\/uploads\/2017\/07\/Virgen-Carmen-2.jpg?resize=768%2C1086&amp;ssl=1 768w, https:\/\/i0.wp.com\/hermandadelperdonmadrid.es\/wp-content\/uploads\/2017\/07\/Virgen-Carmen-2.jpg?resize=724%2C1024&amp;ssl=1 724w\" sizes=\"auto, (max-width: 300px) 100vw, 300px\" \/><\/span><\/p>\n<p style=\"text-align: justify;\"><span style=\"font-family: 'Times New Roman', Times;\">En Madrid son varios barrios los que veneran a la Virgen del Carmen como Patrona, entre ellos el nuestro, Puente de Vallecas, cuya hermandad celebr\u00f3 hace siete a\u00f1os su primer centenario. De nuevo, el d\u00eda 16 de julio, la Virgen volver\u00e1 a recorrer calles como Cerro de Garabitas, Mart\u00ednez de la Riva y la avenida de la Albufera.<\/span><br \/>\n<span style=\"font-family: 'Times New Roman', Times;\"> Tambi\u00e9n tiene esta advocaci\u00f3n mariana especial relevancia para la Hermandad de Los Gitanos, madrina de la bendici\u00f3n de nuestro Titular, que la acompa\u00f1ar\u00e1 en procesi\u00f3n al anochecer del d\u00eda 15.<\/span><br \/>\n<span style=\"font-family: 'Times New Roman', Times;\"> Fuera de la capital cabe destacar los cultos que a Nuestra Se\u00f1ora del Carmen dedican municipios como Alcal\u00e1 de Henares y Pozuelo de Alarc\u00f3n. En Alcal\u00e1 la procesi\u00f3n tambi\u00e9n tendr\u00e1 lugar el s\u00e1bado 15 de julio.<\/span><\/p>\n<p style=\"text-align: justify;\"><span style=\"font-family: 'Times New Roman', Times;\"><img data-recalc-dims=\"1\" loading=\"lazy\" decoding=\"async\" class=\" wp-image-791 aligncenter\" src=\"https:\/\/i0.wp.com\/hermandadelperdonmadrid.es\/wp-content\/uploads\/2017\/07\/Virgen-Carmen-1.jpg?resize=300%2C424&#038;ssl=1\" alt=\"Virgen Carmen 1\" width=\"300\" height=\"424\" srcset=\"https:\/\/i0.wp.com\/hermandadelperdonmadrid.es\/wp-content\/uploads\/2017\/07\/Virgen-Carmen-1.jpg?w=1131&amp;ssl=1 1131w, https:\/\/i0.wp.com\/hermandadelperdonmadrid.es\/wp-content\/uploads\/2017\/07\/Virgen-Carmen-1.jpg?resize=212%2C300&amp;ssl=1 212w, https:\/\/i0.wp.com\/hermandadelperdonmadrid.es\/wp-content\/uploads\/2017\/07\/Virgen-Carmen-1.jpg?resize=768%2C1086&amp;ssl=1 768w, https:\/\/i0.wp.com\/hermandadelperdonmadrid.es\/wp-content\/uploads\/2017\/07\/Virgen-Carmen-1.jpg?resize=724%2C1024&amp;ssl=1 724w\" sizes=\"auto, (max-width: 300px) 100vw, 300px\" \/><\/span><\/p>\n","protected":false},"excerpt":{"rendered":"<p>Un a\u00f1o m\u00e1s, en poco m\u00e1s de una semana celebraremos la fiesta de Nuestra Se\u00f1ora del Carmen, una de las advocaciones m\u00e1s queridas y reproducidas en todo el orbe cat\u00f3lico. La Virgen del Carmen toma su nombre en alusi\u00f3n al &hellip; <a href=\"https:\/\/hermandadelperdonmadrid.es\/index.php\/2017\/07\/06\/en-visperas-del-carmen\/\">Sigue leyendo <span class=\"meta-nav\">&rarr;<\/span><\/a><\/p>\n","protected":false},"author":1,"featured_media":0,"comment_status":"open","ping_status":"open","sticky":false,"template":"","format":"standard","meta":{"_jetpack_newsletter_access":"","_jetpack_dont_email_post_to_subs":false,"_jetpack_newsletter_tier_id":0,"_jetpack_memberships_contains_paywalled_content":false,"_jetpack_memberships_contains_paid_content":false,"footnotes":""},"categories":[1],"tags":[],"class_list":["post-786","post","type-post","status-publish","format-standard","hentry","category-sin-categoria"],"jetpack_featured_media_url":"","jetpack_sharing_enabled":true,"jetpack_shortlink":"https:\/\/wp.me\/p8GJlT-cG","_links":{"self":[{"href":"https:\/\/hermandadelperdonmadrid.es\/index.php\/wp-json\/wp\/v2\/posts\/786","targetHints":{"allow":["GET"]}}],"collection":[{"href":"https:\/\/hermandadelperdonmadrid.es\/index.php\/wp-json\/wp\/v2\/posts"}],"about":[{"href":"https:\/\/hermandadelperdonmadrid.es\/index.php\/wp-json\/wp\/v2\/types\/post"}],"author":[{"embeddable":true,"href":"https:\/\/hermandadelperdonmadrid.es\/index.php\/wp-json\/wp\/v2\/users\/1"}],"replies":[{"embeddable":true,"href":"https:\/\/hermandadelperdonmadrid.es\/index.php\/wp-json\/wp\/v2\/comments?post=786"}],"version-history":[{"count":4,"href":"https:\/\/hermandadelperdonmadrid.es\/index.php\/wp-json\/wp\/v2\/posts\/786\/revisions"}],"predecessor-version":[{"id":2295,"href":"https:\/\/hermandadelperdonmadrid.es\/index.php\/wp-json\/wp\/v2\/posts\/786\/revisions\/2295"}],"wp:attachment":[{"href":"https:\/\/hermandadelperdonmadrid.es\/index.php\/wp-json\/wp\/v2\/media?parent=786"}],"wp:term":[{"taxonomy":"category","embeddable":true,"href":"https:\/\/hermandadelperdonmadrid.es\/index.php\/wp-json\/wp\/v2\/categories?post=786"},{"taxonomy":"post_tag","embeddable":true,"href":"https:\/\/hermandadelperdonmadrid.es\/index.php\/wp-json\/wp\/v2\/tags?post=786"}],"curies":[{"name":"wp","href":"https:\/\/api.w.org\/{rel}","templated":true}]}}